{"id":7248,"date":"2026-02-20T07:58:10","date_gmt":"2026-02-20T07:58:10","guid":{"rendered":"https:\/\/www.mixerpack.es\/mixer-pack-recoit-la-commissaire-speciale-a-la-competitivite-industrielle-nuria-aymerich-afin-dechanger-sur-les-enjeux-de-lindustrie\/"},"modified":"2026-02-20T08:16:13","modified_gmt":"2026-02-20T08:16:13","slug":"mixer-pack-recoit-la-commissaire-speciale-a-la-competitivite-industrielle-nuria-aymerich-afin-dechanger-sur-les-enjeux-de-lindustrie","status":"publish","type":"post","link":"https:\/\/www.mixerpack.es\/fr\/mixer-pack-recoit-la-commissaire-speciale-a-la-competitivite-industrielle-nuria-aymerich-afin-dechanger-sur-les-enjeux-de-lindustrie\/","title":{"rendered":"Mixer &#038; Pack re\u00e7oit la Commissaire sp\u00e9ciale \u00e0 la comp\u00e9titivit\u00e9 industrielle, N\u00faria Aymerich, afin d\u2019\u00e9changer sur les enjeux de l\u2019industrie"},"content":{"rendered":"\n<p>La visite, organis\u00e9e \u00e0 l\u2019initiative de Stanpa et accompagn\u00e9e par la Direction g\u00e9n\u00e9rale des Entreprises du gouvernement r\u00e9gional de Castille-La Manche, a permis de partager directement la vision de l\u2019entreprise sur la comp\u00e9titivit\u00e9, l\u2019innovation, la durabilit\u00e9 et les d\u00e9fis auxquels est confront\u00e9e l\u2019industrie manufacturi\u00e8re en Espagne.<\/p>\n\n<p><em><strong>20 f\u00e9vrier 2026 (Cabanillas del Campo, Guadalajara)<\/strong><\/em><\/p>\n\n<p><p style=\"font-weight: 400;\"><strong>Hier, 19 f\u00e9vrier, Mixer &amp; Pack a re\u00e7u N\u00faria Aymerich Rocavert, Commissaire sp\u00e9ciale \u00e0 la comp\u00e9titivit\u00e9 industrielle et aux PME, dans le cadre d\u2019une visite de travail sollicit\u00e9e \u00e0 la demande directe de la Commissaire, afin de mieux conna\u00eetre sur le terrain la r\u00e9alit\u00e9 des entreprises industrielles, d\u2019analyser les facteurs qui influencent leur comp\u00e9titivit\u00e9 et d\u2019explorer d\u2019\u00e9ventuelles voies de soutien de la part des pouvoirs publics.<\/strong><\/p><\/p>\n\n<p>Au cours de la visite, l\u2019\u00e9quipe de Mixer &amp; Pack a partag\u00e9 son exp\u00e9rience en tant qu\u2019entreprise industrielle de r\u00e9f\u00e9rence, sp\u00e9cialis\u00e9e dans la conception, le d\u00e9veloppement et la fabrication de parfums et de produits cosm\u00e9tiques pour des tiers, dans un environnement mondial hautement concurrentiel. Les \u00e9changes ont permis d\u2019aborder certains des principaux d\u00e9fis auxquels le secteur est aujourd\u2019hui confront\u00e9, notamment la n\u00e9cessit\u00e9 de maintenir un rythme soutenu d\u2019investissement dans l\u2019innovation et la digitalisation, d\u2019avancer dans la transition vers des mod\u00e8les de production plus durables, de g\u00e9rer l\u2019impact des co\u00fbts industriels et d\u2019\u00e9voluer dans un cadre r\u00e9glementaire de plus en plus exigeant, le tout dans un contexte de forte concurrence internationale.<\/p>\n\n<p>La visite a \u00e9galement permis de pr\u00e9senter le mod\u00e8le industriel de Mixer &amp; Pack, fond\u00e9 sur l\u2019int\u00e9gration de la technologie, de la durabilit\u00e9 et de l\u2019excellence op\u00e9rationnelle, ainsi que son r\u00f4le de partenaire strat\u00e9gique pour des marques internationales, contribuant depuis l\u2019Espagne \u00e0 la comp\u00e9titivit\u00e9 de l\u2019industrie europ\u00e9enne sur les march\u00e9s mondiaux et portant avec fiert\u00e9 les valeurs du \u00ab bien fait en Espagne \u00bb \u00e0 travers le monde.<\/p>\n\n<p><p style=\"font-weight: 400;\">La rencontre a \u00e9t\u00e9 organis\u00e9e \u00e0 l\u2019initiative de Stanpa, l\u2019Association nationale espagnole de la parfumerie et de la cosm\u00e9tique, qui a propos\u00e9 Mixer &amp; Pack comme entreprise de r\u00e9f\u00e9rence pour relayer la vision et les besoins de l\u2019industrie, ainsi que son engagement en faveur de l\u2019innovation et de la durabilit\u00e9, de l\u2019excellence du service et du d\u00e9veloppement des personnes. Irati Herrero Imaz, Public Affairs Manager, repr\u00e9sentait l\u2019association.<\/p><\/p>\n<div class=\"wp-block-image\">\n<figure class=\"aligncenter size-large\"><img loading=\"lazy\" decoding=\"async\" width=\"1024\" height=\"768\" src=\"https:\/\/www.mixerpack.es\/wp-content\/uploads\/2026\/02\/nota-de-prensa-mixer-20-02-1024x768.jpg\" alt=\"\" class=\"wp-image-7242\" srcset=\"https:\/\/www.mixerpack.es\/wp-content\/uploads\/2026\/02\/nota-de-prensa-mixer-20-02-1024x768.jpg 1024w, https:\/\/www.mixerpack.es\/wp-content\/uploads\/2026\/02\/nota-de-prensa-mixer-20-02-300x225.jpg 300w, https:\/\/www.mixerpack.es\/wp-content\/uploads\/2026\/02\/nota-de-prensa-mixer-20-02-768x576.jpg 768w, https:\/\/www.mixerpack.es\/wp-content\/uploads\/2026\/02\/nota-de-prensa-mixer-20-02-1536x1152.jpg 1536w, https:\/\/www.mixerpack.es\/wp-content\/uploads\/2026\/02\/nota-de-prensa-mixer-20-02-2048x1536.jpg 2048w\" sizes=\"auto, (max-width: 1024px) 100vw, 1024px\" \/><\/figure>\n<\/div>\n<p class=\"has-text-align-center\"><em>Sur la photo, de gauche \u00e0 droite : Irati Herrero Imaz (responsable des affaires publiques de Stanpa), Santiago Baeza (directeur g\u00e9n\u00e9ral des entreprises du gouvernement r\u00e9gional de Castille-La Manche), Agust\u00edn G\u00f3mez (pr\u00e9sident de Mixer &amp; Pack), N\u00faria Aymerich Rocavert (commissaire sp\u00e9ciale \u00e0 la comp\u00e9titivit\u00e9 industrielle et des PME), Rodolfo G\u00f3mez (directeur ex\u00e9cutif de Mixer &amp; Pack), Raquel Alonso Blanco (directrice du bureau technique du commissaire sp\u00e9cial \u00e0 la comp\u00e9titivit\u00e9 industrielle et des PME) et Javier Aguilera (directeur g\u00e9n\u00e9ral de Mixer &amp; Pack).<\/em><\/p>\n\n<p><\/p>\n\n<p><p style=\"font-weight: 400;\">La visite s\u2019est \u00e9galement d\u00e9roul\u00e9e en pr\u00e9sence de Raquel Alonso Blanco, Directrice du Bureau technique de la Commissaire sp\u00e9ciale \u00e0 la comp\u00e9titivit\u00e9 industrielle et aux PME, et de Santiago Baeza, Directeur g\u00e9n\u00e9ral des Entreprises du gouvernement r\u00e9gional de Castille-La Manche, soulignant l\u2019importance de la coop\u00e9ration entre administrations publiques et tissu industriel comme levier essentiel du d\u00e9veloppement \u00e9conomique et de la cr\u00e9ation d\u2019emplois.<\/p><\/p>\n\n<p>Cette visite s\u2019inscrit dans les activit\u00e9s de la Commissaire sp\u00e9ciale \u00e0 la comp\u00e9titivit\u00e9 industrielle et aux PME, dont la mission consiste \u00e0 promouvoir et \u00e0 conseiller des politiques visant \u00e0 renforcer la comp\u00e9titivit\u00e9 industrielle, encourager l\u2019innovation, consolider le tissu des PME et favoriser le dialogue avec les secteurs productifs.<\/p>\n","protected":false},"excerpt":{"rendered":"<p>La visite, organis\u00e9e \u00e0 l\u2019initiative de Stanpa et accompagn\u00e9e par la Direction g\u00e9n\u00e9rale des Entreprises du gouvernement r\u00e9gional de Castille-La Manche, a permis de partager directement la vision de l\u2019entreprise sur la comp\u00e9titivit\u00e9, l\u2019innovation, la durabilit\u00e9 et les d\u00e9fis auxquels est confront\u00e9e l\u2019industrie manufacturi\u00e8re en Espagne. 20 f\u00e9vrier 2026 (Cabanillas del Campo, Guadalajara) Hier, 19 [&hellip;]<\/p>\n","protected":false},"author":2,"featured_media":7244,"comment_status":"open","ping_status":"open","sticky":false,"template":"","format":"standard","meta":{"footnotes":""},"categories":[44,46],"tags":[],"class_list":["post-7248","post","type-post","status-publish","format-standard","has-post-thumbnail","hentry","category-press-room-fr","category-rse"],"_links":{"self":[{"href":"https:\/\/www.mixerpack.es\/fr\/wp-json\/wp\/v2\/posts\/7248","targetHints":{"allow":["GET"]}}],"collection":[{"href":"https:\/\/www.mixerpack.es\/fr\/wp-json\/wp\/v2\/posts"}],"about":[{"href":"https:\/\/www.mixerpack.es\/fr\/wp-json\/wp\/v2\/types\/post"}],"author":[{"embeddable":true,"href":"https:\/\/www.mixerpack.es\/fr\/wp-json\/wp\/v2\/users\/2"}],"replies":[{"embeddable":true,"href":"https:\/\/www.mixerpack.es\/fr\/wp-json\/wp\/v2\/comments?post=7248"}],"version-history":[{"count":2,"href":"https:\/\/www.mixerpack.es\/fr\/wp-json\/wp\/v2\/posts\/7248\/revisions"}],"predecessor-version":[{"id":7252,"href":"https:\/\/www.mixerpack.es\/fr\/wp-json\/wp\/v2\/posts\/7248\/revisions\/7252"}],"wp:featuredmedia":[{"embeddable":true,"href":"https:\/\/www.mixerpack.es\/fr\/wp-json\/wp\/v2\/media\/7244"}],"wp:attachment":[{"href":"https:\/\/www.mixerpack.es\/fr\/wp-json\/wp\/v2\/media?parent=7248"}],"wp:term":[{"taxonomy":"category","embeddable":true,"href":"https:\/\/www.mixerpack.es\/fr\/wp-json\/wp\/v2\/categories?post=7248"},{"taxonomy":"post_tag","embeddable":true,"href":"https:\/\/www.mixerpack.es\/fr\/wp-json\/wp\/v2\/tags?post=7248"}],"curies":[{"name":"wp","href":"https:\/\/api.w.org\/{rel}","templated":true}]}}