{"id":7207,"date":"2026-02-04T14:42:22","date_gmt":"2026-02-04T14:42:22","guid":{"rendered":"https:\/\/www.mixerpack.es\/mixer-pack-inaugure-un-nouveau-style-de-communication-dans-lindustrie-de-la-parfumerie-pour-marques-de-distribution\/"},"modified":"2026-02-06T10:56:24","modified_gmt":"2026-02-06T10:56:24","slug":"mixer-pack-inaugure-un-nouveau-style-de-communication-dans-lindustrie-de-la-parfumerie-pour-marques-de-distribution","status":"publish","type":"post","link":"https:\/\/www.mixerpack.es\/fr\/mixer-pack-inaugure-un-nouveau-style-de-communication-dans-lindustrie-de-la-parfumerie-pour-marques-de-distribution\/","title":{"rendered":"MIXER &#038; PACK INAUGURE UN NOUVEAU STYLE DE COMMUNICATION DANS L\u2019INDUSTRIE DE LA PARFUMERIE POUR MARQUES DE DISTRIBUTION"},"content":{"rendered":"\n<p class=\"has-text-align-center\">Le fabricant de parfums en private label entame une nouvelle phase cr\u00e9ative qui transforme la mani\u00e8re de communiquer la parfumerie B2B, \u00e0 travers une approche plus artistique et aspirante, capable de traduire un processus complexe en un r\u00e9cit simple, inspirant et \u00e9motionnel.<\/p>\n\n<p><em><strong>4 f\u00e9vrier 2026 (Cabanillas del Campo, Guadalajara)<\/strong><\/em><\/p>\n\n<p><strong>Mixer &amp; Pack marque une nouvelle fois un tournant dans l\u2019industrie. Apr\u00e8s plus de 30 ans \u00e0 \u00eatre pionnier dans la communication et la valorisation du design, du d\u00e9veloppement, de la formulation et de la fabrication de parfums pour des tiers, et apr\u00e8s avoir acquis une autorit\u00e9 reconnue en tant que leader de l\u2019innovation, de la durabilit\u00e9, de l\u2019attention port\u00e9e aux personnes et de l\u2019excellence du service, l\u2019entreprise annonce l\u2019\u00e9volution de son style de communication vers une approche plus artistique, aspirante et en phase avec le langage de ses clients.<\/strong><\/p>\n\n<p>Depuis sa cr\u00e9ation il y a plus de trois d\u00e9cennies, Mixer &amp; Pack fonde sa communication sur quatre piliers essentiels : l\u2019importance des personnes, une forte sensibilit\u00e9 \u00e0 la durabilit\u00e9, un engagement constant envers l\u2019innovation et un service global de d\u00e9veloppement de parfumerie de&#13;\nhaut niveau. Cette approche a permis non seulement de consolider son leadership, mais aussi d\u2019inspirer de nouveaux acteurs du secteur.<\/p>\n\n<p>\u00abNous sommes fiers d\u2019avoir \u00e9t\u00e9 un exemple et une source d\u2019inspiration pour d\u2019autres. Cependant, une fois la notori\u00e9t\u00e9 et l\u2019autorit\u00e9 acquises dans le secteur en tant que leaders de l\u2019innovation, de la durabilit\u00e9, du service et de l\u2019attention port\u00e9e aux personnes, nous avons la responsabilit\u00e9 d\u2019innover \u00e0 nouveau et d\u2019ouvrir une nouvelle voie avec un r\u00e9cit qui incarne l\u2019avenir de la parfumerie B2B \u00bb, d\u00e9clare Emma Gila, responsable des Tendances, du Marketing et de la Communication.<\/p>\n\n<p>Ce nouveau style de communication du d\u00e9veloppeur, designer et fabricant de parfums repose sur une id\u00e9e centrale : transformer les valeurs et les identit\u00e9s de marque en produits de beaut\u00e9, en traduisant un processus complexe en un r\u00e9cit simple, artistique et \u00e9motionnel.<\/p>\n\n<p>L\u2019entreprise s\u2019\u00e9loigne ainsi d\u2019une approche technique ou purement industrielle, d\u00e9j\u00e0 largement reconnue par le secteur et certifi\u00e9e par des organismes internationaux, pour pr\u00e9senter la cr\u00e9ation de parfums&#13;\ncomme un art capable de transformer des concepts en une beaut\u00e9 tangible.<\/p>\n\n<p>Avec ce changement, le fabricant de parfumerie pour tiers confirme qu&rsquo;il ne se consacre pas seul \u00e0 la fabrication de parfums pour tiers, mais \u00e9galement dans la forme dans laquelle le secteur se pr\u00e9sente au monde\u00a0: avec une sensibilit\u00e9 artistique, une vision innovante et une narration qui se connecte directement avec les clients, leurs valeurs et leurs sue\u00f1os.<\/p>\n<div class=\"wp-block-image\">\n<figure class=\"aligncenter size-full is-resized\"><img loading=\"lazy\" decoding=\"async\" width=\"600\" height=\"800\" src=\"https:\/\/www.mixerpack.es\/wp-content\/uploads\/2026\/02\/publicidad-MODAES_final-EN.jpg\" alt=\"\" class=\"wp-image-7187\" style=\"width:432px;height:auto\" srcset=\"https:\/\/www.mixerpack.es\/wp-content\/uploads\/2026\/02\/publicidad-MODAES_final-EN.jpg 600w, https:\/\/www.mixerpack.es\/wp-content\/uploads\/2026\/02\/publicidad-MODAES_final-EN-225x300.jpg 225w\" sizes=\"auto, (max-width: 600px) 100vw, 600px\" \/><\/figure>\n<\/div>\n<p><\/p>\n<div class=\"wp-block-image\">\n<figure class=\"aligncenter size-large is-resized\"><img loading=\"lazy\" decoding=\"async\" width=\"768\" height=\"1024\" src=\"https:\/\/www.mixerpack.es\/wp-content\/uploads\/2026\/02\/publicidad-SPORT_final_EN_baja-768x1024.jpg\" alt=\"\" class=\"wp-image-7190\" style=\"aspect-ratio:0.7500154197249121;width:427px;height:auto\" srcset=\"https:\/\/www.mixerpack.es\/wp-content\/uploads\/2026\/02\/publicidad-SPORT_final_EN_baja-768x1023.jpg 768w, https:\/\/www.mixerpack.es\/wp-content\/uploads\/2026\/02\/publicidad-SPORT_final_EN_baja-225x300.jpg 225w, https:\/\/www.mixerpack.es\/wp-content\/uploads\/2026\/02\/publicidad-SPORT_final_EN_baja.jpg 827w\" sizes=\"auto, (max-width: 768px) 100vw, 768px\" \/><\/figure>\n<\/div>\n<p><\/p>\n<div class=\"wp-block-image\">\n<figure class=\"aligncenter size-full is-resized\"><img loading=\"lazy\" decoding=\"async\" width=\"600\" height=\"800\" src=\"https:\/\/www.mixerpack.es\/wp-content\/uploads\/2026\/02\/publicidad-INFANTIL_final_EN_baja.jpg\" alt=\"\" class=\"wp-image-7193\" style=\"aspect-ratio:0.7500138850319356;width:436px;height:auto\" srcset=\"https:\/\/www.mixerpack.es\/wp-content\/uploads\/2026\/02\/publicidad-INFANTIL_final_EN_baja.jpg 600w, https:\/\/www.mixerpack.es\/wp-content\/uploads\/2026\/02\/publicidad-INFANTIL_final_EN_baja-225x300.jpg 225w\" sizes=\"auto, (max-width: 600px) 100vw, 600px\" \/><\/figure>\n<\/div>\n<p><\/p>\n<div class=\"wp-block-image\">\n<figure class=\"aligncenter size-large is-resized\"><img loading=\"lazy\" decoding=\"async\" width=\"768\" height=\"1024\" src=\"https:\/\/www.mixerpack.es\/wp-content\/uploads\/2026\/02\/publicidad-HOGAR_final_EN_baja-768x1024.jpg\" alt=\"\" class=\"wp-image-7196\" style=\"aspect-ratio:0.7500137870181437;width:436px;height:auto\" srcset=\"https:\/\/www.mixerpack.es\/wp-content\/uploads\/2026\/02\/publicidad-HOGAR_final_EN_baja-768x1024.jpg 768w, https:\/\/www.mixerpack.es\/wp-content\/uploads\/2026\/02\/publicidad-HOGAR_final_EN_baja-225x300.jpg 225w, https:\/\/www.mixerpack.es\/wp-content\/uploads\/2026\/02\/publicidad-HOGAR_final_EN_baja-1152x1536.jpg 1152w, https:\/\/www.mixerpack.es\/wp-content\/uploads\/2026\/02\/publicidad-HOGAR_final_EN_baja-1536x2048.jpg 1536w, https:\/\/www.mixerpack.es\/wp-content\/uploads\/2026\/02\/publicidad-HOGAR_final_EN_baja-scaled.jpg 1920w\" sizes=\"auto, (max-width: 768px) 100vw, 768px\" \/><\/figure>\n<\/div>\n<p class=\"has-text-align-center\"><em>Sur la photo 4 cr\u00e9ations de la nouvelle image de Mixer&amp;Pack<\/em><\/p>\n\n<h3 class=\"wp-block-heading\"><h3><strong>Sobre Mixer:<\/strong><\/h3><\/h3>\n\n<p>Mixer &amp; Pack, apr\u00e8s 30 ans d&rsquo;exp\u00e9rience dans la conception, le d\u00e9veloppement et la fabrication de parfumerie et de cosm\u00e9tiques pour MDD et MDD, est devenu le grand partenaire des plus prestigieuses maisons de mode et des plus importants groupes cosm\u00e9tiques nationaux et internationaux.<\/p>\n\n<p>Leader dans la fabrication de parfumerie pour le compte de tiers en Espagne et l&rsquo;un des plus importants d&rsquo;Europe, il dispose d&rsquo;une grande usine de parfumerie et de cosm\u00e9tiques \u00e0 Cabanillas del Campo (Guadalajara) et ses r\u00e9f\u00e9rences sont commercialis\u00e9es dans plus de 120 pays sur les 5 continents.<\/p>\n\n<p>Membre de Stanpa (Association Nationale de Parfumerie et de Cosm\u00e9tiques d&rsquo;Espagne) et de Cre100do. Prix CEPYME 2019 dans la cat\u00e9gorie durabilit\u00e9 et efficacit\u00e9 \u00e9nerg\u00e9tique, Prix national de l&rsquo;industrie de la mode 2020 dans la cat\u00e9gorie accessoires, M\u00e9daille d&rsquo;or de Stanpa (plus haute distinction dans le secteur de la parfumerie et des cosm\u00e9tiques en Espagne), Prix du m\u00e9rite commercial (M\u00c9EM Award) par la JCCM et r\u00e9cemment nomm\u00e9e \u00ab Entreprise de l&rsquo;ann\u00e9e 2022 \u00bb par CEOE Guadalajara. Prix de l&rsquo;Innovation dans l&rsquo;Industrie Cosm\u00e9tique (Aitex) 2024. Honor\u00e9 par la Croix-Rouge pour avoir \u00e9limin\u00e9 les obstacles \u00e0 l&rsquo;acc\u00e8s \u00e0 l&#8217;emploi. Sceau d&rsquo;entreprise technologique innovante 2025.<\/p>\n\n<p>De plus, elle collabore \u00e9troitement avec la Croix-Rouge espagnole avec laquelle elle a sign\u00e9 en 2020 un accord de collaboration visant \u00e0 int\u00e9grer dans son personnel des personnes en risque d&rsquo;exclusion sociale, raison pour laquelle elle a \u00e9galement re\u00e7u cette ann\u00e9e le \u00ab Prix de la Croix-Rouge espagnole pour l&rsquo;inclusion \u00bb.<\/p>\n","protected":false},"excerpt":{"rendered":"<p>Le fabricant de parfums en private label entame une nouvelle phase cr\u00e9ative qui transforme la mani\u00e8re de communiquer la parfumerie B2B, \u00e0 travers une approche plus artistique et aspirante, capable de traduire un processus complexe en un r\u00e9cit simple, inspirant et \u00e9motionnel. 4 f\u00e9vrier 2026 (Cabanillas del Campo, Guadalajara) Mixer &amp; Pack marque une nouvelle [&hellip;]<\/p>\n","protected":false},"author":2,"featured_media":7202,"comment_status":"open","ping_status":"open","sticky":false,"template":"","format":"standard","meta":{"footnotes":""},"categories":[49,44],"tags":[],"class_list":["post-7207","post","type-post","status-publish","format-standard","has-post-thumbnail","hentry","category-innovation-fr","category-press-room-fr"],"_links":{"self":[{"href":"https:\/\/www.mixerpack.es\/fr\/wp-json\/wp\/v2\/posts\/7207","targetHints":{"allow":["GET"]}}],"collection":[{"href":"https:\/\/www.mixerpack.es\/fr\/wp-json\/wp\/v2\/posts"}],"about":[{"href":"https:\/\/www.mixerpack.es\/fr\/wp-json\/wp\/v2\/types\/post"}],"author":[{"embeddable":true,"href":"https:\/\/www.mixerpack.es\/fr\/wp-json\/wp\/v2\/users\/2"}],"replies":[{"embeddable":true,"href":"https:\/\/www.mixerpack.es\/fr\/wp-json\/wp\/v2\/comments?post=7207"}],"version-history":[{"count":1,"href":"https:\/\/www.mixerpack.es\/fr\/wp-json\/wp\/v2\/posts\/7207\/revisions"}],"predecessor-version":[{"id":7208,"href":"https:\/\/www.mixerpack.es\/fr\/wp-json\/wp\/v2\/posts\/7207\/revisions\/7208"}],"wp:featuredmedia":[{"embeddable":true,"href":"https:\/\/www.mixerpack.es\/fr\/wp-json\/wp\/v2\/media\/7202"}],"wp:attachment":[{"href":"https:\/\/www.mixerpack.es\/fr\/wp-json\/wp\/v2\/media?parent=7207"}],"wp:term":[{"taxonomy":"category","embeddable":true,"href":"https:\/\/www.mixerpack.es\/fr\/wp-json\/wp\/v2\/categories?post=7207"},{"taxonomy":"post_tag","embeddable":true,"href":"https:\/\/www.mixerpack.es\/fr\/wp-json\/wp\/v2\/tags?post=7207"}],"curies":[{"name":"wp","href":"https:\/\/api.w.org\/{rel}","templated":true}]}}