{"id":7183,"date":"2026-01-28T11:36:58","date_gmt":"2026-01-28T11:36:58","guid":{"rendered":"https:\/\/www.mixerpack.es\/mixerpack-lunion-entre-mode-et-parfum-au-barcelona-fashion-summit-2026\/"},"modified":"2026-01-28T12:02:42","modified_gmt":"2026-01-28T12:02:42","slug":"mixerpack-lunion-entre-mode-et-parfum-au-barcelona-fashion-summit-2026","status":"publish","type":"post","link":"https:\/\/www.mixerpack.es\/fr\/mixerpack-lunion-entre-mode-et-parfum-au-barcelona-fashion-summit-2026\/","title":{"rendered":"Mixer&#038;Pack, l&rsquo;union entre mode et parfum, au Barcelona Fashion Summit 2026"},"content":{"rendered":"\n<p>Le fabricant de parfums pour marques tierces renforce son r\u00f4le de partenaire industriel strat\u00e9gique pour le d\u00e9veloppement de parfums de marque priv\u00e9e dans le secteur de la mode.<\/p>\n\n<p><em><strong>28 janvier 2026 (Barcelone, Espagne)<\/strong><\/em><\/p>\n\n<p>Le designer, d\u00e9veloppeur et fabricant de parfums pour des tiers participe en tant que sponsor \u00e0 la BFS 2026, la principale r\u00e9union professionnelle du secteur de la mode en Espagne. Une collaboration qui consolide le lien naturel entre la mode et la parfumerie.<\/p>\n\n<p>La mode et le parfum partagent le m\u00eame langage : identit\u00e9, \u00e9motion et expression personnelle. Deux industries cr\u00e9atives qui \u00e9voluent en parall\u00e8le s&rsquo;inspirent mutuellement et construisent des univers de marques capables de se connecter au consommateur sur les plans sensoriel et \u00e9motionnel.<\/p>\n\n<p>Dans ce contexte, la collaboration avec le Barcelona Fashion Summit renforce la position de Mixer&amp;Pack comme partenaire industriel strat\u00e9gique pour les grands d\u00e9taillants de mode souhaitant d\u00e9velopper leur propre gamme de parfums, parfums et produits de parfumerie en format marque ou marque priv\u00e9e.<\/p>\n\n<p>L&rsquo;\u00e9v\u00e9nement, organis\u00e9 par Modaes, r\u00e9unit chaque ann\u00e9e des cadres, des designers, des investisseurs et des experts de l&rsquo;\u00e9cosyst\u00e8me de la mode pour analyser les d\u00e9fis du secteur, les nouvelles dynamiques des consommateurs, la transformation digitale ainsi que le r\u00f4le croissant de la durabilit\u00e9 et de l&rsquo;exp\u00e9rience de marque.<\/p>\n\n<p>En tant que maquiladora ou maquila de parfums et parfums pour des tiers, Mixer&amp;Pack travaille en \u00e9troite collaboration avec des marques de mode nationales et internationales dans le d\u00e9veloppement global de projets de&#13;\nparfumerie, de la conceptualisation cr\u00e9ative et la conception de l&#8217;emballage \u00e0 la formulation, la production et l&rsquo;expansion industrielle.<\/p>\n\n<p>Pourquoi de plus en plus de marques de mode lancent-elles leur propre parfum ?<\/p>\n\n<ol class=\"wp-block-list\">\n<li>Offre une nouvelle source de revenus. Augmente le portefeuille de produits avec une cat\u00e9gorie tr\u00e8s rentable comme la parfumerie.<\/li>\n\n\n\n<li>Une forte rentabilit\u00e9 gr\u00e2ce \u00e0 des processus agiles Le marketing olfactif g\u00e9n\u00e8re de fortes marges et allie cr\u00e9ativit\u00e9 et simplicit\u00e9 op\u00e9rationnelle.<\/li>\n\n\n\n<li>Puissance de loyaut\u00e9 \u00e9lev\u00e9e Un parfum cr\u00e9e un lien \u00e9motionnel plus rapidement et plus durable que tout autre produit.<\/li>\n\n\n\n<li>Apporte de la valeur \u00e0 la marqueLa parfumerie et l&rsquo;ambiance \u00e9l\u00e8vent le positionnement et la perception de la marque.<\/li>\n\n\n\n<li>\u00c9largissez le profil des consommateursPermettez-vous d&rsquo;atteindre de nouveaux publics gr\u00e2ce \u00e0 une meilleure accessibilit\u00e9 aux prix sans nuire \u00e0 votre image premium.<\/li>\n\n\n\n<li>Augmentation du trafic jusqu&rsquo;au point de vente. L&rsquo;expansion du catalogue g\u00e9n\u00e8re de nouvelles visites et une plus grande r\u00e9currence.<\/li>\n\n\n\n<li>Augmente le panier moyen Le parfum est g\u00e9n\u00e9ralement utilis\u00e9 comme achat impulsif.<\/li>\n\n\n\n<li>Renforce la m\u00e9moire de la marque L&rsquo;odorat est le sens ayant la plus grande capacit\u00e9 de m\u00e9morisation \u00e9motionnelle.<\/li>\n\n\n\n<li>Construire le concept \u00ab Total Look \u00bb L&rsquo;identit\u00e9 de marque s&rsquo;exprime \u00e9galement \u00e0 travers l&rsquo;ar\u00f4me.<\/li>\n\n\n\n<li>L&rsquo;Espagne, une puissance mondiale en parfumerie. Selon l&rsquo; ICEX, l&rsquo;Espagne est le deuxi\u00e8me exportateur mondial de parfums et figure parmi les 10 premiers mondiaux des cosm\u00e9tiques, avec des exportations proches de 6 000 millions d&rsquo;euros par an.<\/li>\n<\/ol>\n\n<p><\/p>\n<div class=\"wp-block-image\">\n<figure class=\"aligncenter size-large is-resized\"><img loading=\"lazy\" decoding=\"async\" width=\"1024\" height=\"683\" src=\"https:\/\/www.mixerpack.es\/wp-content\/uploads\/2026\/01\/mixer-en-barcelona-fashion-summit-2026-1024x683.jpg\" alt=\"mixer-en-barcelona-fashion-summit-2026\" class=\"wp-image-7170\" style=\"aspect-ratio:1.499330655957162;width:618px;height:auto\" srcset=\"https:\/\/www.mixerpack.es\/wp-content\/uploads\/2026\/01\/mixer-en-barcelona-fashion-summit-2026-1024x683.jpg 1024w, https:\/\/www.mixerpack.es\/wp-content\/uploads\/2026\/01\/mixer-en-barcelona-fashion-summit-2026-300x200.jpg 300w, https:\/\/www.mixerpack.es\/wp-content\/uploads\/2026\/01\/mixer-en-barcelona-fashion-summit-2026-768x512.jpg 768w, https:\/\/www.mixerpack.es\/wp-content\/uploads\/2026\/01\/mixer-en-barcelona-fashion-summit-2026-1536x1024.jpg 1536w, https:\/\/www.mixerpack.es\/wp-content\/uploads\/2026\/01\/mixer-en-barcelona-fashion-summit-2026-2048x1365.jpg 2048w\" sizes=\"auto, (max-width: 1024px) 100vw, 1024px\" \/><\/figure>\n<\/div>\n<p><\/p>\n<div class=\"wp-block-image\">\n<figure class=\"aligncenter size-large is-resized\"><img loading=\"lazy\" decoding=\"async\" width=\"1024\" height=\"683\" src=\"https:\/\/www.mixerpack.es\/wp-content\/uploads\/2026\/01\/mixer-en-barcelona-fashion-summit-2026-1-1024x683.jpg\" alt=\"\" class=\"wp-image-7173\" style=\"aspect-ratio:1.499330655957162;width:615px;height:auto\" srcset=\"https:\/\/www.mixerpack.es\/wp-content\/uploads\/2026\/01\/mixer-en-barcelona-fashion-summit-2026-1-1024x683.jpg 1024w, https:\/\/www.mixerpack.es\/wp-content\/uploads\/2026\/01\/mixer-en-barcelona-fashion-summit-2026-1-300x200.jpg 300w, https:\/\/www.mixerpack.es\/wp-content\/uploads\/2026\/01\/mixer-en-barcelona-fashion-summit-2026-1-768x512.jpg 768w, https:\/\/www.mixerpack.es\/wp-content\/uploads\/2026\/01\/mixer-en-barcelona-fashion-summit-2026-1-1536x1024.jpg 1536w, https:\/\/www.mixerpack.es\/wp-content\/uploads\/2026\/01\/mixer-en-barcelona-fashion-summit-2026-1-2048x1365.jpg 2048w\" sizes=\"auto, (max-width: 1024px) 100vw, 1024px\" \/><\/figure>\n<\/div>\n<p><\/p>\n<div class=\"wp-block-image\">\n<figure class=\"aligncenter size-large is-resized\"><img loading=\"lazy\" decoding=\"async\" width=\"1024\" height=\"683\" src=\"https:\/\/www.mixerpack.es\/wp-content\/uploads\/2026\/01\/Mixer_Produccion_0098-1024x683.jpg\" alt=\"\" class=\"wp-image-7176\" style=\"aspect-ratio:1.499330655957162;width:615px;height:auto\" srcset=\"https:\/\/www.mixerpack.es\/wp-content\/uploads\/2026\/01\/Mixer_Produccion_0098-1024x683.jpg 1024w, https:\/\/www.mixerpack.es\/wp-content\/uploads\/2026\/01\/Mixer_Produccion_0098-300x200.jpg 300w, https:\/\/www.mixerpack.es\/wp-content\/uploads\/2026\/01\/Mixer_Produccion_0098-768x512.jpg 768w, https:\/\/www.mixerpack.es\/wp-content\/uploads\/2026\/01\/Mixer_Produccion_0098-1536x1024.jpg 1536w, https:\/\/www.mixerpack.es\/wp-content\/uploads\/2026\/01\/Mixer_Produccion_0098-2048x1365.jpg 2048w\" sizes=\"auto, (max-width: 1024px) 100vw, 1024px\" \/><\/figure>\n<\/div>\n<p class=\"has-text-align-center\"><em>Dans la photographie, les installations Mixer&amp;Pack<\/em><\/p>\n\n<h3 class=\"wp-block-heading\"><h3><strong>\u00c0 propos de Mixer:<\/strong><\/h3><\/h3>\n\n<p>Mixer &amp; Pack, apr\u00e8s 30 ans d&rsquo;exp\u00e9rience dans la conception, le d\u00e9veloppement et la fabrication de parfumeries et cosm\u00e9tiques pour marques de distributeur et MDD, est devenue le grand partenaire des plus prestigieuses entreprises de mode ainsi que des groupes cosm\u00e9tiques nationaux et internationaux les plus importants.<\/p>\n\n<p>Leader dans la fabrication de parfumerie pour des tiers en Espagne et l&rsquo;un des plus importants d&rsquo;Europe, il poss\u00e8de une grande usine de parfumerie et de cosm\u00e9tiques \u00e0 Cabanillas del Campo (Guadalajara) et ses r\u00e9f\u00e9rences sont commercialis\u00e9es dans plus de 130 pays sur 5 continents.<\/p>\n\n<p>Membre de Stanpa (Association Nationale de Parfumerie et de Cosm\u00e9tiques d&rsquo;Espagne) et de Cre100do. Prix CEPYME 2019 dans la cat\u00e9gorie durabilit\u00e9 et efficacit\u00e9 \u00e9nerg\u00e9tique, Prix National de l&rsquo;Industrie de la Mode 2020 dans la cat\u00e9gorie accessoires, M\u00e9daille d&rsquo;or&#13;\nde la Stanpa (la plus haute distinction dans le secteur de la parfumerie et des cosm\u00e9tiques en Espagne), Prix du M\u00e9rite Commercial (Prix M\u00c9EM) d\u00e9cern\u00e9 par le JCCM et r\u00e9cemment nomm\u00e9e \u00ab Entreprise de l&rsquo;ann\u00e9e 2022 \u00bb par le PDG Guadalajara. Prix de l&rsquo;Innovation dans l&rsquo;industrie des cosm\u00e9tiques (Aitex) 2024. Honor\u00e9 par la Croix-Rouge pour avoir bris\u00e9 les barri\u00e8res \u00e0 l&rsquo;acc\u00e8s \u00e0 l&#8217;emploi. Sceau d&rsquo;entreprise innovant bas\u00e9 sur la technologie 2025.<\/p>\n\n<p>De plus, elle collabore \u00e9troitement avec la Croix-Rouge espagnole, avec qui, en 2020, a sign\u00e9 un accord de collaboration pour int\u00e9grer dans son personnel les personnes \u00e0 risque d&rsquo;exclusion sociale, ce qui explique pourquoi cette ann\u00e9e elle a \u00e9galement re\u00e7u le \u00ab Prix de la Croix-Rouge espagnole pour l&rsquo;inclusion \u00bb. Sceau z\u00e9ro d\u00e9chet pour la d\u00e9charge 2025.<\/p>\n","protected":false},"excerpt":{"rendered":"<p>Le fabricant de parfums pour marques tierces renforce son r\u00f4le de partenaire industriel strat\u00e9gique pour le d\u00e9veloppement de parfums de marque priv\u00e9e dans le secteur de la mode. 28 janvier 2026 (Barcelone, Espagne) Le designer, d\u00e9veloppeur et fabricant de parfums pour des tiers participe en tant que sponsor \u00e0 la BFS 2026, la principale r\u00e9union [&hellip;]<\/p>\n","protected":false},"author":2,"featured_media":7172,"comment_status":"open","ping_status":"open","sticky":false,"template":"","format":"standard","meta":{"footnotes":""},"categories":[44,46,1],"tags":[],"class_list":["post-7183","post","type-post","status-publish","format-standard","has-post-thumbnail","hentry","category-press-room-fr","category-rse","category-sin-categorizar"],"_links":{"self":[{"href":"https:\/\/www.mixerpack.es\/fr\/wp-json\/wp\/v2\/posts\/7183","targetHints":{"allow":["GET"]}}],"collection":[{"href":"https:\/\/www.mixerpack.es\/fr\/wp-json\/wp\/v2\/posts"}],"about":[{"href":"https:\/\/www.mixerpack.es\/fr\/wp-json\/wp\/v2\/types\/post"}],"author":[{"embeddable":true,"href":"https:\/\/www.mixerpack.es\/fr\/wp-json\/wp\/v2\/users\/2"}],"replies":[{"embeddable":true,"href":"https:\/\/www.mixerpack.es\/fr\/wp-json\/wp\/v2\/comments?post=7183"}],"version-history":[{"count":1,"href":"https:\/\/www.mixerpack.es\/fr\/wp-json\/wp\/v2\/posts\/7183\/revisions"}],"predecessor-version":[{"id":7184,"href":"https:\/\/www.mixerpack.es\/fr\/wp-json\/wp\/v2\/posts\/7183\/revisions\/7184"}],"wp:featuredmedia":[{"embeddable":true,"href":"https:\/\/www.mixerpack.es\/fr\/wp-json\/wp\/v2\/media\/7172"}],"wp:attachment":[{"href":"https:\/\/www.mixerpack.es\/fr\/wp-json\/wp\/v2\/media?parent=7183"}],"wp:term":[{"taxonomy":"category","embeddable":true,"href":"https:\/\/www.mixerpack.es\/fr\/wp-json\/wp\/v2\/categories?post=7183"},{"taxonomy":"post_tag","embeddable":true,"href":"https:\/\/www.mixerpack.es\/fr\/wp-json\/wp\/v2\/tags?post=7183"}],"curies":[{"name":"wp","href":"https:\/\/api.w.org\/{rel}","templated":true}]}}