{"id":7154,"date":"2026-01-20T14:42:35","date_gmt":"2026-01-20T14:42:35","guid":{"rendered":"https:\/\/www.mixerpack.es\/mixer-pack-renforce-son-leadership-international-en-tant-que-fabricant-espagnol-de-parfums-pour-des-marques-mondiales-avec-la-visite-de-licex\/"},"modified":"2026-01-20T15:04:37","modified_gmt":"2026-01-20T15:04:37","slug":"mixer-pack-renforce-son-leadership-international-en-tant-que-fabricant-espagnol-de-parfums-pour-des-marques-mondiales-avec-la-visite-de-licex","status":"publish","type":"post","link":"https:\/\/www.mixerpack.es\/fr\/mixer-pack-renforce-son-leadership-international-en-tant-que-fabricant-espagnol-de-parfums-pour-des-marques-mondiales-avec-la-visite-de-licex\/","title":{"rendered":"Mixer &#038; Pack renforce son leadership international en tant que fabricant espagnol de parfums pour des marques mondiales avec la  visite de l\u2019ICEX."},"content":{"rendered":"\n<p>Le fabricant espagnol consolide sa position de partenaire industriel des marques internationales, en exportant 80 % de sa production vers plus de 130 pays.<\/p>\n\n<p><em><strong>20 janvier 2026 (Cabanillas del Campo, Guadalajara, Espagne)<\/strong><\/em><\/p>\n\n<p><strong>Mixer &amp; Pack, l\u2019un des principaux fabricants et d\u00e9veloppeurs europ\u00e9ens de parfums pour des marques tierces, a re\u00e7u la visite institutionnelle d\u2019Elisa Carbonell, directrice g\u00e9n\u00e9rale d\u2019ICEX Espagne Exportation et Investissements. Cette rencontre met en lumi\u00e8re le r\u00f4le strat\u00e9gique croissant de l\u2019entreprise dans la projection internationale de la parfumerie espagnole.<\/strong><\/p>\n\n<p>Cette visite s\u2019inscrit dans un contexte de fort positionnement international de Mixer &amp; Pack en tant que partenaire industriel de r\u00e9f\u00e9rence pour les marques mondiales de parfumerie, notamment au Moyen-Orient, en Am\u00e9rique latine et en Europe, o\u00f9 l\u2019entreprise dispose d\u00e9j\u00e0 d\u2019un solide portefeuille de clients et de projets en d\u00e9veloppement.<\/p>\n\n<p>Aujourd\u2019hui, 80 % des produits fabriqu\u00e9s dans ses sites de Cabanillas del Campo (Guadalajara) et de Meco (Madrid) sont export\u00e9s vers plus de 130 pays, consolidant ainsi Mixer &amp; Pack comme l\u2019un des principaux moteurs de l\u2019internationalisation du secteur depuis l\u2019Espagne.<\/p>\n\n<p>Cette r\u00e9alit\u00e9 s\u2019inscrit dans l\u2019excellent dynamisme de l\u2019industrie nationale : l\u2019Espagne est \u05db\u05d9\u05d5\u05dd le deuxi\u00e8me exportateur mondial de parfums selon les donn\u00e9es de l\u2019ICEX, un leadership fond\u00e9 sur la capacit\u00e9 industrielle, l\u2019innovation, le design et la fiabilit\u00e9 de fabricants tels que Mixer &amp; Pack.<\/p>\n\n<p>Lors de la visite, l\u2019\u00e9quipe dirigeante a pr\u00e9sent\u00e9 \u00e0 l\u2019ICEX ses capacit\u00e9s industrielles, son mod\u00e8le de collaboration avec les marques internationales ainsi que sa strat\u00e9gie de croissance \u00e0 l\u2019international, soutenue \u00e9galement par une pr\u00e9sence constante sur les principaux salons professionnels du secteur : Beautyworld Middle East (Duba\u00ef), Paris Packaging Week \u2013 PCD (Paris), Beauty Exhibition (Istanbul), Cosmoprof Miami, Cosmoprof Bologna et Cosmetic Business (Munich).<\/p>\n\n<p>Selon Agust\u00edn G\u00f3mez Loeches, pr\u00e9sident de Mixer &amp; Pack : \u00abLa visite de l\u2019ICEX dans nos installations est une reconnaissance du chemin parcouru depuis des ann\u00e9es : fabriquer en Espagne pour le monde. Aujourd\u2019hui, depuis Cabanillas del Campo et Meco, nous d\u00e9veloppons des parfums qui arrivent aux quatre coins de la plan\u00e8te et renforcent l\u2019image de l\u2019Espagne comme pays leader en parfumerie de qualit\u00e9.\u00bb<\/p>\n\n<p>Elisa Carbonell a effectu\u00e9 cette visite en compagnie de Luis Mayoral, directeur des Industries cr\u00e9atives de l\u2019ICEX, avec qui elle a parcouru les installations de l\u2019entreprise et rencontr\u00e9 l\u2019\u00e9quipe dirigeante afin de d\u00e9couvrir de premi\u00e8re main le mod\u00e8le industriel de Mixer &amp; Pack, ses capacit\u00e9s d\u2019innovation et sa strat\u00e9gie de d\u00e9veloppement international.<\/p>\n\n<p>Cette visite souligne le r\u00f4le cl\u00e9 des exportations dans la strat\u00e9gie de Mixer &amp; Pack et renforce la valeur du label Made in Spain comme symbole d\u2019excellence industrielle, capable de rivaliser avec succ\u00e8s sur les march\u00e9s les plus exigeants du monde.<\/p>\n<div class=\"wp-block-image\">\n<figure class=\"aligncenter size-large\"><img loading=\"lazy\" decoding=\"async\" width=\"1024\" height=\"768\" src=\"https:\/\/www.mixerpack.es\/wp-content\/uploads\/2026\/01\/visita-icex-1024x768.jpg\" alt=\"\" class=\"wp-image-7138\" srcset=\"https:\/\/www.mixerpack.es\/wp-content\/uploads\/2026\/01\/visita-icex-1024x768.jpg 1024w, https:\/\/www.mixerpack.es\/wp-content\/uploads\/2026\/01\/visita-icex-300x225.jpg 300w, https:\/\/www.mixerpack.es\/wp-content\/uploads\/2026\/01\/visita-icex-768x576.jpg 768w, https:\/\/www.mixerpack.es\/wp-content\/uploads\/2026\/01\/visita-icex-1536x1152.jpg 1536w, https:\/\/www.mixerpack.es\/wp-content\/uploads\/2026\/01\/visita-icex-2048x1536.jpg 2048w\" sizes=\"auto, (max-width: 1024px) 100vw, 1024px\" \/><\/figure>\n<\/div>\n<p class=\"has-text-align-center\"><em>Sur la photo: Elisa Carbonell, directrice g\u00e9n\u00e9rale de l\u2019ICEX ; Luis Mayoral, directeur des Industries cr\u00e9atives de l\u2019ICEX ; Agust\u00edn G\u00f3mez, pr\u00e9sident de Mixer &amp; Pack ; Javier Aguilera, directeur g\u00e9n\u00e9ral de Mixer &amp; Pack ; et Fernando Hern\u00e1ndez, responsable du d\u00e9partement commercial.<\/em><\/p>\n<div class=\"wp-block-image\">\n<figure class=\"aligncenter size-large\"><img loading=\"lazy\" decoding=\"async\" width=\"1024\" height=\"768\" src=\"https:\/\/www.mixerpack.es\/wp-content\/uploads\/2026\/01\/mixerPack-fabrica-1-1024x768.jpg\" alt=\"\" class=\"wp-image-7145\" srcset=\"https:\/\/www.mixerpack.es\/wp-content\/uploads\/2026\/01\/mixerPack-fabrica-1-1024x768.jpg 1024w, https:\/\/www.mixerpack.es\/wp-content\/uploads\/2026\/01\/mixerPack-fabrica-1-300x225.jpg 300w, https:\/\/www.mixerpack.es\/wp-content\/uploads\/2026\/01\/mixerPack-fabrica-1-768x576.jpg 768w, https:\/\/www.mixerpack.es\/wp-content\/uploads\/2026\/01\/mixerPack-fabrica-1-1536x1152.jpg 1536w, https:\/\/www.mixerpack.es\/wp-content\/uploads\/2026\/01\/mixerPack-fabrica-1-2048x1536.jpg 2048w\" sizes=\"auto, (max-width: 1024px) 100vw, 1024px\" \/><\/figure>\n<\/div><div class=\"wp-block-image\">\n<figure class=\"aligncenter size-large\"><img loading=\"lazy\" decoding=\"async\" width=\"1024\" height=\"768\" src=\"https:\/\/www.mixerpack.es\/wp-content\/uploads\/2026\/01\/Mixer_Pack-fabrica-1024x768.jpg\" alt=\"Mixer_Pack-fabrique\" class=\"wp-image-7149\" srcset=\"https:\/\/www.mixerpack.es\/wp-content\/uploads\/2026\/01\/Mixer_Pack-fabrica-1024x768.jpg 1024w, https:\/\/www.mixerpack.es\/wp-content\/uploads\/2026\/01\/Mixer_Pack-fabrica-300x225.jpg 300w, https:\/\/www.mixerpack.es\/wp-content\/uploads\/2026\/01\/Mixer_Pack-fabrica-768x576.jpg 768w, https:\/\/www.mixerpack.es\/wp-content\/uploads\/2026\/01\/Mixer_Pack-fabrica-1536x1152.jpg 1536w, https:\/\/www.mixerpack.es\/wp-content\/uploads\/2026\/01\/Mixer_Pack-fabrica-2048x1536.jpg 2048w\" sizes=\"auto, (max-width: 1024px) 100vw, 1024px\" \/><\/figure>\n<\/div>\n<h3 class=\"wp-block-heading\"><strong>\u00c0 propos de Mixer &amp; Pack<\/strong><\/h3>\n\n<p>Fort de plus de 30 ans d\u2019exp\u00e9rience dans la conception, le d\u00e9veloppement et la fabrication de parfums et de produits cosm\u00e9tiques pour les marques de distributeur et les marques priv\u00e9es, Mixer &amp; Pack est devenu un partenaire majeur des maisons de mode les plus prestigieuses et des principaux groupes cosm\u00e9tiques nationaux et internationaux.<\/p>\n\n<p>Leader de la fabrication de parfums pour des tiers en Espagne et l\u2019un des acteurs les plus importants en Europe, l\u2019entreprise dispose d\u2019une grande usine de parfumerie et de cosm\u00e9tique \u00e0 Cabanillas del Campo (Guadalajara). Ses r\u00e9f\u00e9rences sont commercialis\u00e9es dans plus de 130 pays sur les cinq continents.<\/p>\n\n<p>Mixer &amp; Pack est membre de Stanpa (Association nationale espagnole de la parfumerie et de la cosm\u00e9tique) et de Cre100do, et a re\u00e7u de nombreuses distinctions, dont le prix CEPYME pour la durabilit\u00e9 et l\u2019efficacit\u00e9 \u00e9nerg\u00e9tique (2019), le Prix national de l\u2019industrie de la mode (2020), la M\u00e9daille d\u2019or de Stanpa, le Prix du m\u00e9rite entrepreneurial du gouvernement r\u00e9gional de Castille-La Manche, ainsi que le titre \u00abEntreprise de l\u2019ann\u00e9e 2022\u00bb d\u00e9cern\u00e9 par la CEOE Guadalajara. Plus r\u00e9cemment, l\u2019entreprise a obtenu le Prix de l\u2019innovation dans l\u2019industrie cosm\u00e9tique (Aitex 2024), une reconnaissance de la Croix-Rouge pour son engagement en faveur de l\u2019inclusion professionnelle, le label d\u2019Entreprise innovante \u00e0 base technologique (2025) et la certification Z\u00e9ro d\u00e9chet en d\u00e9charge (2025).&#13;\n&#13;\nElle collabore \u00e9galement \u00e9troitement avec la Croix-Rouge espagnole depuis 2020 afin de favoriser l\u2019int\u00e9gration professionnelle des personnes en situation de vuln\u00e9rabilit\u00e9, initiative pour laquelle elle a re\u00e7u le Prix Inclusion de la Croix-Rouge espagnole.<\/p>\n","protected":false},"excerpt":{"rendered":"<p>Le fabricant espagnol consolide sa position de partenaire industriel des marques internationales, en exportant 80 % de sa production vers plus de 130 pays. 20 janvier 2026 (Cabanillas del Campo, Guadalajara, Espagne) Mixer &amp; Pack, l\u2019un des principaux fabricants et d\u00e9veloppeurs europ\u00e9ens de parfums pour des marques tierces, a re\u00e7u la visite institutionnelle d\u2019Elisa Carbonell, [&hellip;]<\/p>\n","protected":false},"author":2,"featured_media":7140,"comment_status":"open","ping_status":"open","sticky":false,"template":"","format":"standard","meta":{"footnotes":""},"categories":[31,44],"tags":[],"class_list":["post-7154","post","type-post","status-publish","format-standard","has-post-thumbnail","hentry","category-innovacion","category-press-room-fr"],"_links":{"self":[{"href":"https:\/\/www.mixerpack.es\/fr\/wp-json\/wp\/v2\/posts\/7154","targetHints":{"allow":["GET"]}}],"collection":[{"href":"https:\/\/www.mixerpack.es\/fr\/wp-json\/wp\/v2\/posts"}],"about":[{"href":"https:\/\/www.mixerpack.es\/fr\/wp-json\/wp\/v2\/types\/post"}],"author":[{"embeddable":true,"href":"https:\/\/www.mixerpack.es\/fr\/wp-json\/wp\/v2\/users\/2"}],"replies":[{"embeddable":true,"href":"https:\/\/www.mixerpack.es\/fr\/wp-json\/wp\/v2\/comments?post=7154"}],"version-history":[{"count":1,"href":"https:\/\/www.mixerpack.es\/fr\/wp-json\/wp\/v2\/posts\/7154\/revisions"}],"predecessor-version":[{"id":7155,"href":"https:\/\/www.mixerpack.es\/fr\/wp-json\/wp\/v2\/posts\/7154\/revisions\/7155"}],"wp:featuredmedia":[{"embeddable":true,"href":"https:\/\/www.mixerpack.es\/fr\/wp-json\/wp\/v2\/media\/7140"}],"wp:attachment":[{"href":"https:\/\/www.mixerpack.es\/fr\/wp-json\/wp\/v2\/media?parent=7154"}],"wp:term":[{"taxonomy":"category","embeddable":true,"href":"https:\/\/www.mixerpack.es\/fr\/wp-json\/wp\/v2\/categories?post=7154"},{"taxonomy":"post_tag","embeddable":true,"href":"https:\/\/www.mixerpack.es\/fr\/wp-json\/wp\/v2\/tags?post=7154"}],"curies":[{"name":"wp","href":"https:\/\/api.w.org\/{rel}","templated":true}]}}