{"id":6986,"date":"2025-11-30T16:14:57","date_gmt":"2025-11-30T16:14:57","guid":{"rendered":"https:\/\/www.mixerpack.es\/lancements-parfum-2025-nos-favoris\/"},"modified":"2026-01-16T12:29:25","modified_gmt":"2026-01-16T12:29:25","slug":"lancements-parfum-2025-favoris","status":"publish","type":"post","link":"https:\/\/www.mixerpack.es\/fr\/lancements-parfum-2025-favoris\/","title":{"rendered":"Lancements Parfum 2025 : Nos Favoris"},"content":{"rendered":"\n<p>Le secteur de la parfumerie conna\u00eet en 2025 une tr\u00e8s bonne dynamique, avec des parfums et des fragrances qui apportent de nouvelles narrations, des ar\u00f4mes diff\u00e9rents et captivants, des esth\u00e9tiques et des flacons dignes de v\u00e9ritables pi\u00e8ces d\u2019art, ainsi que des compositions qui bousculent les attentes. Pour ceux d\u2019entre nous qui vivent cette industrie de l\u2019int\u00e9rieur, c\u2019est un plaisir d\u2019exp\u00e9rimenter et de suivre de pr\u00e8s les propositions d\u00e9voil\u00e9es par les marques cette ann\u00e9e.&#13;\n<\/p>\n\n<p><span style=\"font-weight: 400;\">C\u2019est pourquoi, chez Mixer &amp; Pack, nous pr\u00e9sentons ci-dessous certains de nos lancements de parfumerie pr\u00e9f\u00e9r\u00e9s de 2025, s\u00e9lectionn\u00e9s pour leur cr\u00e9ativit\u00e9, leurs accords olfactifs et leur capacit\u00e9 \u00e0 surprendre.<\/span><\/p>\n\n<h2 class=\"wp-block-heading\">Lancements les plus marquants de 2025 :<\/h2>\n\n<h3 class=\"wp-block-heading\">La Bomba de Carolina Herrera<\/h3>\n<div class=\"wp-block-image\">\n<figure class=\"aligncenter size-large is-resized\"><img loading=\"lazy\" decoding=\"async\" width=\"1024\" height=\"792\" src=\"https:\/\/www.mixerpack.es\/wp-content\/uploads\/2025\/11\/la-bomba-carolina-herrera-e1768558478245-1024x792.jpg\" alt=\"la-bomba-carolina-herrera\" class=\"wp-image-7090\" style=\"width:416px;height:auto\" srcset=\"https:\/\/www.mixerpack.es\/wp-content\/uploads\/2025\/11\/la-bomba-carolina-herrera-e1768558478245-1024x792.jpg 1024w, https:\/\/www.mixerpack.es\/wp-content\/uploads\/2025\/11\/la-bomba-carolina-herrera-e1768558478245-300x232.jpg 300w, https:\/\/www.mixerpack.es\/wp-content\/uploads\/2025\/11\/la-bomba-carolina-herrera-e1768558478245-768x594.jpg 768w, https:\/\/www.mixerpack.es\/wp-content\/uploads\/2025\/11\/la-bomba-carolina-herrera-e1768558478245.jpg 1073w\" sizes=\"auto, (max-width: 1024px) 100vw, 1024px\" \/><\/figure>\n<\/div>\n<p class=\"has-text-align-center\">Source: Carolina Herrera<\/p>\n\n<p><span style=\"font-weight: 400;\">Parmi les lancements les plus comment\u00e9s de l\u2019ann\u00e9e se trouve <\/span><i><span style=\"font-weight: 400;\">La Bomba<\/span><\/i><span style=\"font-weight: 400;\">, un parfum de Carolina Herrera devenu rapidement un v\u00e9ritable embl\u00e8me de la marque. Il s\u2019agit d\u2019une fragrance f\u00e9minine, vibrante et audacieuse, qui associe des notes exotiques (pitahaya) \u00e0 un c\u0153ur floral intense (pivoine rouge et frangipanier), soutenu par un fond chaud de vanille et de patchouli qui apporte profondeur et sensualit\u00e9.<\/span><\/p>\n\n<p>Au-del\u00e0 de son parfum, cette cr\u00e9ation de Carolina Herrera se distingue par son concept : une fragrance qui rend hommage \u00e0 la force, \u00e0 la libert\u00e9 et \u00e0 l\u2019authenticit\u00e9 de la femme contemporaine. Son flacon en forme de papillon rose renforce ce message de transformation personnelle.&#13;\n<\/p>\n\n<h3 class=\"wp-block-heading\">Crafted Collection de Loewe<\/h3>\n<div class=\"wp-block-image\">\n<figure class=\"aligncenter size-full is-resized\"><img loading=\"lazy\" decoding=\"async\" width=\"284\" height=\"429\" src=\"https:\/\/www.mixerpack.es\/wp-content\/uploads\/2025\/11\/Crafted-Collection-de-Loewe.webp\" alt=\"Crafted Collection de Loewe\" class=\"wp-image-7093\" style=\"aspect-ratio:0.6620230793221749;width:260px;height:auto\" srcset=\"https:\/\/www.mixerpack.es\/wp-content\/uploads\/2025\/11\/Crafted-Collection-de-Loewe.webp 284w, https:\/\/www.mixerpack.es\/wp-content\/uploads\/2025\/11\/Crafted-Collection-de-Loewe-199x300.webp 199w\" sizes=\"auto, (max-width: 284px) 100vw, 284px\" \/><\/figure>\n<\/div>\n<p class=\"has-text-align-center\">Source: Loewe<\/p>\n\n<p><span style=\"font-weight: 400;\">La maison Loewe a surpris avec l\u2019une des propositions les plus sophistiqu\u00e9es de l\u2019ann\u00e9e : la <\/span><i><span style=\"font-weight: 400;\">Crafted Collection<\/span><\/i><span style=\"font-weight: 400;\">. Inspir\u00e9e par l\u2019artisanat pur, cette collection marque le d\u00e9but d\u2019une nouvelle \u00e8re du parfum artistique, avec des flacons en verre souffl\u00e9 \u00e0 la main et des bouchons en granit qui transforment chaque parfum en objet d\u2019art.<\/span><\/p>\n\n<p><span style=\"font-weight: 400;\">Les fragrances\u2014<\/span><i><span style=\"font-weight: 400;\">Iris Root<\/span><\/i><span style=\"font-weight: 400;\">, <\/span><i><span style=\"font-weight: 400;\">Roasted Vanilla<\/span><\/i><span style=\"font-weight: 400;\"> et <\/span><i><span style=\"font-weight: 400;\">Bittersweet Oud<\/span><\/i><span style=\"font-weight: 400;\">\u2014offrent des nuances allant des floraux poudr\u00e9s aux gourmands \u00e9pic\u00e9s, en passant par des bois\u00e9s profonds.<\/span><\/p>\n\n<p>Il s\u2019agit d\u2019une collection qui consid\u00e8re la parfumerie comme une expression artistique et sensorielle \u00e0 part enti\u00e8re, devenant sans aucun doute l\u2019un des projets les plus inspirants de 2025.&#13;\n<\/p>\n\n<h3 class=\"wp-block-heading\">Collection \u201cADN\u201d d\u2019Adolfo Dom\u00ednguez<\/h3>\n<div class=\"wp-block-image\">\n<figure class=\"aligncenter size-full\"><img loading=\"lazy\" decoding=\"async\" width=\"324\" height=\"396\" src=\"https:\/\/www.mixerpack.es\/wp-content\/uploads\/2025\/11\/ADN-de-Adolfo-Dominguez.webp\" alt=\"&#x201C;ADN&#x201D; de Adolfo Dom&#xED;nguez\" class=\"wp-image-7096\" srcset=\"https:\/\/www.mixerpack.es\/wp-content\/uploads\/2025\/11\/ADN-de-Adolfo-Dominguez.webp 324w, https:\/\/www.mixerpack.es\/wp-content\/uploads\/2025\/11\/ADN-de-Adolfo-Dominguez-245x300.webp 245w\" sizes=\"auto, (max-width: 324px) 100vw, 324px\" \/><\/figure>\n<\/div>\n<p class=\"has-text-align-center\">Source: Adolfo Dom\u00ednguez<\/p>\n\n<p><span style=\"font-weight: 400;\">L\u2019un des concepts les plus puissants arriv\u00e9s dans le secteur de la parfumerie en 2025 vient d\u2019Adolfo Dom\u00ednguez avec sa <\/span><i><span style=\"font-weight: 400;\">Collection ADN<\/span><\/i><span style=\"font-weight: 400;\"> : une trilogie de fragrances sans genre articul\u00e9es autour de l\u2019id\u00e9e d\u2019identit\u00e9 personnelle. Son slogan, <\/span><i><span style=\"font-weight: 400;\">\u00ab Je choisis d\u2019\u00eatre moi \u00bb<\/span><\/i><span style=\"font-weight: 400;\">, illustre parfaitement une tendance tr\u00e8s pr\u00e9sente dans la parfumerie contemporaine : cr\u00e9er des parfums qui ne cherchent pas \u00e0 s\u2019adapter \u00e0 des r\u00f4les traditionnels mais \u00e0 des \u00e9tats int\u00e9rieurs.<\/span><\/p>\n\n<p>Les trois fragrances se distinguent chacune par leur personnalit\u00e9 :&#13;\n<\/p>\n\n<ul class=\"wp-block-list\">\n<li><b>ADN Rosa Spicy :<\/b><span style=\"font-weight: 400;\"> Floral intense avec une touche \u00e9pic\u00e9e, vibrant et expressif.<\/span><\/li>\n\n\n\n<li><b>ADN Neroli Ecstasy :<\/b><span style=\"font-weight: 400;\"> Lumineux, doux, citronn\u00e9, plein de vitalit\u00e9.<\/span><\/li>\n\n\n\n<li><b>ADN S\u00e1ndalo Sacro :<\/b><span style=\"font-weight: 400;\"> Parfum profond, m\u00e9ditatif et serein, empreint de spiritualit\u00e9.<\/span><\/li>\n<\/ul>\n\n<p>La marque accompagne ce lancement d\u2019exp\u00e9riences immersives et d\u2019un message fort autour de la durabilit\u00e9, renfor\u00e7ant ainsi son positionnement dans une parfumerie consciente, artistique et honn\u00eate.&#13;\n<\/p>\n\n<h3 class=\"wp-block-heading\">The Icon Supreme d\u2019Antonio Banderas<\/h3>\n<div class=\"wp-block-image\">\n<figure class=\"aligncenter size-full is-resized\"><img loading=\"lazy\" decoding=\"async\" width=\"902\" height=\"902\" src=\"https:\/\/www.mixerpack.es\/wp-content\/uploads\/2025\/11\/The-Icon-Supreme-de-Antonio-Banderas.jpg\" alt=\"\" class=\"wp-image-7099\" style=\"width:336px;height:auto\" srcset=\"https:\/\/www.mixerpack.es\/wp-content\/uploads\/2025\/11\/The-Icon-Supreme-de-Antonio-Banderas.jpg 902w, https:\/\/www.mixerpack.es\/wp-content\/uploads\/2025\/11\/The-Icon-Supreme-de-Antonio-Banderas-300x300.jpg 300w, https:\/\/www.mixerpack.es\/wp-content\/uploads\/2025\/11\/The-Icon-Supreme-de-Antonio-Banderas-150x150.jpg 150w, https:\/\/www.mixerpack.es\/wp-content\/uploads\/2025\/11\/The-Icon-Supreme-de-Antonio-Banderas-768x768.jpg 768w\" sizes=\"auto, (max-width: 902px) 100vw, 902px\" \/><\/figure>\n<\/div>\n<p class=\"has-text-align-center\">Source: The Icon Supreme<\/p>\n\n<p><i><span style=\"font-weight: 400;\">The Icon Supreme<\/span><\/i><span style=\"font-weight: 400;\"> s\u2019impose comme la proposition la plus intense et la plus audacieuse de la marque Antonio Banderas, ainsi que comme l\u2019un des lancements phares de 2025. Ce parfum masculin s\u2019\u00e9loigne des codes classiques frais pour proposer une structure riche et surprenante.<\/span><\/p>\n\n<p>Son ouverture combine \u00e9pices et agrumes \u00e9nergisants (poivre, rose, n\u00e9roli, cardamome, bergamote) ; le c\u0153ur introduit une note inattendue de cannabis avec des aromatiques verts ; et le fond apporte ambre, fum\u00e9e, cistus incanus et mousse, cr\u00e9ant une aura profonde et magn\u00e9tique.&#13;\n<\/p>\n\n<p>Cette fragrance r\u00e9sume parfaitement l\u2019\u00e9volution du parfum masculin : moins rigide, plus exp\u00e9rimental, et port\u00e9 par une vision plus large et contemporaine de la masculinit\u00e9.&#13;\n<\/p>\n\n<h3 class=\"wp-block-heading\">Parfums inspir\u00e9s de la Scandinavie par Marc O\u2019Polo<\/h3>\n<div class=\"wp-block-image\">\n<figure class=\"aligncenter size-large is-resized\"><img loading=\"lazy\" decoding=\"async\" width=\"728\" height=\"1024\" src=\"https:\/\/www.mixerpack.es\/wp-content\/uploads\/2025\/11\/nuevas-fragancias-Marc-OPolo-728x1024.jpg\" alt=\"\" class=\"wp-image-7102\" style=\"width:262px;height:auto\" srcset=\"https:\/\/www.mixerpack.es\/wp-content\/uploads\/2025\/11\/nuevas-fragancias-Marc-OPolo-728x1024.jpg 728w, https:\/\/www.mixerpack.es\/wp-content\/uploads\/2025\/11\/nuevas-fragancias-Marc-OPolo-213x300.jpg 213w, https:\/\/www.mixerpack.es\/wp-content\/uploads\/2025\/11\/nuevas-fragancias-Marc-OPolo-768x1081.jpg 768w, https:\/\/www.mixerpack.es\/wp-content\/uploads\/2025\/11\/nuevas-fragancias-Marc-OPolo-1092x1536.jpg 1092w, https:\/\/www.mixerpack.es\/wp-content\/uploads\/2025\/11\/nuevas-fragancias-Marc-OPolo-1456x2048.jpg 1456w, https:\/\/www.mixerpack.es\/wp-content\/uploads\/2025\/11\/nuevas-fragancias-Marc-OPolo-scaled.jpg 1819w\" sizes=\"auto, (max-width: 728px) 100vw, 728px\" \/><\/figure>\n<\/div>\n<p class=\"has-text-align-center\">Source: Marc O&rsquo;Polo<\/p>\n\n<p><span style=\"font-weight: 400;\">Marc O\u2019Polo a enrichi sa ligne de parfums inspir\u00e9s par la nature scandinave. Cette identit\u00e9, travaill\u00e9e depuis les d\u00e9buts de la marque, continue de prendre de l\u2019ampleur en 2025. Ce sont des fragrances qui cherchent \u00e0 se connecter au calme, aux paysages et \u00e0 l\u2019essence pure du Nord de l\u2019Europe.<\/span><\/p>\n\n<p>Parmi les nouveaut\u00e9s les plus remarquables :<\/p>\n\n<ul class=\"wp-block-list\">\n<li><strong>Sky<\/strong> : Chaud et d\u00e9licatement \u00e9pic\u00e9, avec gingembre et c\u00e8dre.<\/li>\n\n\n\n<li><b>Rain :<\/b><span style=\"font-weight: 400;\"> Frais, aquatique, aromatique, inspir\u00e9 de la pluie arctique.<\/span><\/li>\n\n\n\n<li><b>Fjord :<\/b><span style=\"font-weight: 400;\"> L\u00e9ger, marin, lumineux.<\/span><\/li>\n\n\n\n<li><b>Lake Night :<\/b><span style=\"font-weight: 400;\"> Floral-fruit\u00e9, doux et \u00e9l\u00e9gant.<\/span><\/li>\n\n\n\n<li><b>Flower Field :<\/b><span style=\"font-weight: 400;\"> Un chypre naturel, \u00e9quilibr\u00e9 et moderne.<\/span><\/li>\n<\/ul>\n\n<p>Ces parfums Marc O\u2019Polo refl\u00e8tent l\u2019importance croissante des fragrances connect\u00e9es \u00e9motionnellement \u00e0 la nature, une tendance cl\u00e9 dans la parfumerie de cette ann\u00e9e.&#13;\n<\/p>\n\n<h3 class=\"wp-block-heading\">Un parfum frais et ambr\u00e9 avec du caract\u00e8re: Blue Temptation de Zara<\/h3>\n<div class=\"wp-block-image\">\n<figure class=\"aligncenter size-large is-resized\"><img loading=\"lazy\" decoding=\"async\" width=\"683\" height=\"1024\" src=\"https:\/\/www.mixerpack.es\/wp-content\/uploads\/2025\/11\/BLUE-TEMPTATION-zara-683x1024.jpg\" alt=\"\" class=\"wp-image-7105\" style=\"aspect-ratio:0.6670022205773501;width:288px;height:auto\" srcset=\"https:\/\/www.mixerpack.es\/wp-content\/uploads\/2025\/11\/BLUE-TEMPTATION-zara-683x1024.jpg 683w, https:\/\/www.mixerpack.es\/wp-content\/uploads\/2025\/11\/BLUE-TEMPTATION-zara-200x300.jpg 200w, https:\/\/www.mixerpack.es\/wp-content\/uploads\/2025\/11\/BLUE-TEMPTATION-zara-768x1152.jpg 768w, https:\/\/www.mixerpack.es\/wp-content\/uploads\/2025\/11\/BLUE-TEMPTATION-zara.jpg 1024w\" sizes=\"auto, (max-width: 683px) 100vw, 683px\" \/><\/figure>\n<\/div>\n<p class=\"has-text-align-center\">Source: Zara<\/p>\n\n<p><span style=\"font-weight: 400;\">Parmi les lancements les plus comment\u00e9s de l&rsquo;ann\u00e9e figure le parfum charismatique <\/span><a href=\"https:\/\/www.zara.com\/es\/es\/blue-temptation-edp-120ml---4-05-fl-oz---p20220789.html\" target=\"_blank\" rel=\"noopener\"><span style=\"font-weight: 400;\">Blue Temptation de Zara <\/span><\/a><span style=\"font-weight: 400;\">, une Eau de Parfum caract\u00e9ris\u00e9e par sa <\/span><b>fra\u00eecheur intense et sa profondeur remarquable, rehauss\u00e9es d&rsquo;une touche d&rsquo;audace <\/b><span style=\"font-weight: 400;\">. La fragrance s&rsquo;ouvre sur une explosion vibrante de poivre noir, de citron et d&rsquo;\u00e9l\u00e9mi, insufflant \u00e9nergie et dynamisme d\u00e8s les premi\u00e8res notes.<\/span><\/p>\n\n<p><span style=\"font-weight: 400;\">Au c\u0153ur de Blue Temptation, la luminosit\u00e9 de la fleur d&rsquo;oranger se m\u00eale \u00e0 la fra\u00eecheur de la pomme verte, tandis que les derni\u00e8res gouttes exhalent chaleur et persistance gr\u00e2ce aux notes de fond de f\u00e8ve tonka et de patchouli. Il en r\u00e9sulte un <\/span><b>parfum moderne et polyvalent <\/b><span style=\"font-weight: 400;\">, con\u00e7u pour celles et ceux qui recherchent une <\/span><b>fragrance affirm\u00e9e et d&rsquo;une \u00e9l\u00e9gance contemporaine.<\/b><\/p>\n\n<h3 class=\"wp-block-heading\">Collection \u00ab\u00a0La Nuit\u00a0\u00bb de Parfois<\/h3>\n<div class=\"wp-block-image\">\n<figure class=\"aligncenter size-large is-resized\"><img loading=\"lazy\" decoding=\"async\" width=\"1024\" height=\"926\" src=\"https:\/\/www.mixerpack.es\/wp-content\/uploads\/2025\/11\/Perfume-La-Nuit-Intense-scaled-e1768560658908-1024x926.webp\" alt=\"Perfume La Nuit Intense\" class=\"wp-image-7108\" style=\"aspect-ratio:1.1058778479800881;width:438px;height:auto\" srcset=\"https:\/\/www.mixerpack.es\/wp-content\/uploads\/2025\/11\/Perfume-La-Nuit-Intense-scaled-e1768560658908-1024x926.webp 1024w, https:\/\/www.mixerpack.es\/wp-content\/uploads\/2025\/11\/Perfume-La-Nuit-Intense-scaled-e1768560658908-300x271.webp 300w, https:\/\/www.mixerpack.es\/wp-content\/uploads\/2025\/11\/Perfume-La-Nuit-Intense-scaled-e1768560658908-768x695.webp 768w, https:\/\/www.mixerpack.es\/wp-content\/uploads\/2025\/11\/Perfume-La-Nuit-Intense-scaled-e1768560658908-1536x1389.webp 1536w, https:\/\/www.mixerpack.es\/wp-content\/uploads\/2025\/11\/Perfume-La-Nuit-Intense-scaled-e1768560658908.webp 1915w\" sizes=\"auto, (max-width: 1024px) 100vw, 1024px\" \/><\/figure>\n<\/div>\n<p class=\"has-text-align-center\">Source: Parfois<\/p>\n\n<p><span style=\"font-weight: 400;\">L&rsquo;un des concepts les plus intrigants du secteur de la parfumerie en 2025 nous vient de <\/span><b>Parfois avec sa <\/b><span style=\"font-weight: 400;\">collection <\/span><b>La Nuit <\/b><span style=\"font-weight: 400;\">, une proposition qui explore la nuit comme un espace d&rsquo;intimit\u00e9, de calme et de raffinement personnel. Cette ligne propose une parfumerie \u00e9motionnelle, con\u00e7ue non pas pour d\u00e9finir une identit\u00e9 ext\u00e9rieure, mais pour accompagner des \u00e9tats int\u00e9rieurs li\u00e9s \u00e0 la contemplation, \u00e0 l&rsquo;\u00e9l\u00e9gance et \u00e0 une sensualit\u00e9 discr\u00e8te.<\/span><\/p>\n\n<p>Au sein de cette collection, les parfums partagent un langage olfactif enveloppant, tout en poss\u00e9dant leurs propres nuances qui les rendent uniques.<\/p>\n\n<ul class=\"wp-block-list\">\n<li><a href=\"https:\/\/www.parfois.com\/es\/es\/accesorios\/perfumes\/perfume-la-nuit-intense\/194167.html?dwvar_194167_color=MS\" target=\"_blank\" rel=\"noopener\"><b>La Nuit Intense <\/b><\/a><span style=\"font-weight: 400;\">est un parfum doux et enveloppant, dont les notes de t\u00eate fruit\u00e9es de cassis, de poire et de prune lui conf\u00e8rent une touche d\u00e9licate et lumineuse. Son c\u0153ur floral, o\u00f9 s&rsquo;entrelacent jasmin, rose et lys, \u00e9quilibre la composition, tandis que le fond bois\u00e9 de santal et de musc apporte chaleur et profondeur.<\/span><span style=\"font-weight: 400;\">&#13;\n<\/span><\/li>\n\n\n\n<li><a href=\"https:\/\/www.parfois.com\/es\/es\/accesorios\/perfumes\/perfume-la-nuit-sereine---collection-les-nuits\/222781FR100M.html?srsltid=AfmBOoq5x5cZQpXgZ-SgMdIqKMsv-g4zhVFU24dru12CpMKkuQ6KbXwV\" target=\"_blank\" rel=\"noopener\"><b>La Nuit S\u00e9r\u00e9ne <\/b><\/a><span style=\"font-weight: 400;\">, pour sa part, offre une interpr\u00e9tation plus sereine et sophistiqu\u00e9e : une ouverture fruit\u00e9e accompagn\u00e9e de fleur d&rsquo;oranger laisse place \u00e0 un c\u0153ur \u00e9l\u00e9gant de patchouli indon\u00e9sien et de jasmin, qui se pose sur un fond chaud de santal et de vanille, laissant un sillage harmonieux et subtilement s\u00e9duisant.<\/span><\/li>\n<\/ul>\n\n<p>Avec cette collection, Parfois r\u00e9affirme sa vision d&rsquo;une parfumerie intime et contemporaine, o\u00f9 le parfum devient le prolongement de l&rsquo;humeur.<\/p>\n\n<h3 class=\"wp-block-heading\">Un parfum intense et sophistiqu\u00e9\u00a0: Ruby Touch de H&amp;M<\/h3>\n<div class=\"wp-block-image\">\n<figure class=\"aligncenter size-large is-resized\"><img loading=\"lazy\" decoding=\"async\" width=\"683\" height=\"1024\" src=\"https:\/\/www.mixerpack.es\/wp-content\/uploads\/2025\/11\/Ruby-Touch-EDP-683x1024.jpg\" alt=\"Ruby-Touch-EDP\" class=\"wp-image-7111\" style=\"width:288px;height:auto\" srcset=\"https:\/\/www.mixerpack.es\/wp-content\/uploads\/2025\/11\/Ruby-Touch-EDP-683x1024.jpg 683w, https:\/\/www.mixerpack.es\/wp-content\/uploads\/2025\/11\/Ruby-Touch-EDP-200x300.jpg 200w, https:\/\/www.mixerpack.es\/wp-content\/uploads\/2025\/11\/Ruby-Touch-EDP-768x1152.jpg 768w, https:\/\/www.mixerpack.es\/wp-content\/uploads\/2025\/11\/Ruby-Touch-EDP-1024x1536.jpg 1024w, https:\/\/www.mixerpack.es\/wp-content\/uploads\/2025\/11\/Ruby-Touch-EDP-1365x2048.jpg 1365w, https:\/\/www.mixerpack.es\/wp-content\/uploads\/2025\/11\/Ruby-Touch-EDP-scaled.jpg 1707w\" sizes=\"auto, (max-width: 683px) 100vw, 683px\" \/><\/figure>\n<\/div>\n<p class=\"has-text-align-center\">Source: H&amp;M<\/p>\n\n<p><span style=\"font-weight: 400;\">Parmi la vaste collection de parfums <\/span><b>H&amp;M , <\/b><a href=\"https:\/\/www2.hm.com\/es_es\/productpage.1283468001.html?srsltid=AfmBOop5vGmzQl-QKgFJjy7ncHMH-muoiuSkK5oXZZkoMqWGEkIbGMIW\" target=\"_blank\" rel=\"noopener\"><span style=\"font-weight: 400;\">Ruby Touch <\/span><\/a><span style=\"font-weight: 400;\">, une fragrance \u00e9pic\u00e9e, ambr\u00e9e et bois\u00e9e au <\/span><b>caract\u00e8re affirm\u00e9 et sophistiqu\u00e9 , <\/b><span style=\"font-weight: 400;\">est l&rsquo;une des nouveaut\u00e9s phares de 2025. Ses notes de t\u00eate d&rsquo;orange, de souci et de fruits secs lui conf\u00e8rent une ouverture <\/span><b>chaleureuse et \u00e9pic\u00e9e<\/b><span style=\"font-weight: 400;\">.<\/span><\/p>\n\n<p><span style=\"font-weight: 400;\">Au c\u0153ur de cette fragrance, des notes bois\u00e9es se m\u00ealent au safran, \u00e0 la violette et au jasmin, laissant place \u00e0 un fond d&rsquo;ambre, de mousse de ch\u00eane et de musc qui lui conf\u00e8re profondeur et tenue. <\/span><b>Ruby Touch de H&amp;M incarne une parfumerie accessible et contemporaine <\/b><span style=\"font-weight: 400;\">, en phase avec les tendances actuelles du secteur.<\/span><\/p>\n\n<h2 class=\"wp-block-heading\">2025 : Une ann\u00e9e qui r\u00e9invente la parfumerie<\/h2>\n\n<p>L\u2019ann\u00e9e 2025 se r\u00e9v\u00e8le particuli\u00e8rement riche pour la parfumerie, surtout du c\u00f4t\u00e9 cr\u00e9atif. De nombreuses propositions vari\u00e9es ont \u00e9merg\u00e9 : de l\u2019artisanat sublim\u00e9 de Loewe \u00e0 l\u2019\u00e9motion accessible d\u2019Adidas, en passant par l\u2019introspection d\u2019Adolfo Dom\u00ednguez, l\u2019audace d\u2019Antonio Banderas et la s\u00e9r\u00e9nit\u00e9 nordique de Marc O\u2019Polo.&#13;\n<\/p>\n\n<p><span style=\"font-weight: 400;\">Des collections tr\u00e8s diff\u00e9rentes mais unies par un m\u00eame esprit : innovation, identit\u00e9 et sensibilit\u00e9 contemporaine.<\/span><\/p>\n\n<p>Chez Mixer &amp; Pack, nous aimons observer l\u2019\u00e9volution du secteur, la mani\u00e8re dont les marques r\u00e9interpr\u00e8tent leurs codes et comment chaque lancement apporte une vision unique de l\u2019univers olfactif.&#13;\n<\/p>\n\n<p><span style=\"font-weight: 400;\">Si vous souhaitez d\u00e9velopper votre prochain projet olfactif ou si vous cherchez un partenaire qui comprend la cr\u00e9ativit\u00e9, la technique et le rythme du secteur, nous serons ravis d\u2019\u00e9changer avec vous. Contactez-nous : nous ferons tout pour porter votre id\u00e9e au niveau sup\u00e9rieur.<\/span><\/p>\n","protected":false},"excerpt":{"rendered":"<p>Le secteur de la parfumerie conna\u00eet en 2025 une tr\u00e8s bonne dynamique, avec des parfums et des fragrances qui apportent de nouvelles narrations, des ar\u00f4mes diff\u00e9rents et captivants, des esth\u00e9tiques et des flacons dignes de v\u00e9ritables pi\u00e8ces d\u2019art, ainsi que des compositions qui bousculent les attentes. Pour ceux d\u2019entre nous qui vivent cette industrie de [&hellip;]<\/p>\n","protected":false},"author":2,"featured_media":6915,"comment_status":"open","ping_status":"open","sticky":false,"template":"","format":"standard","meta":{"footnotes":""},"categories":[42],"tags":[],"class_list":["post-6986","post","type-post","status-publish","format-standard","has-post-thumbnail","hentry","category-news-fr"],"_links":{"self":[{"href":"https:\/\/www.mixerpack.es\/fr\/wp-json\/wp\/v2\/posts\/6986","targetHints":{"allow":["GET"]}}],"collection":[{"href":"https:\/\/www.mixerpack.es\/fr\/wp-json\/wp\/v2\/posts"}],"about":[{"href":"https:\/\/www.mixerpack.es\/fr\/wp-json\/wp\/v2\/types\/post"}],"author":[{"embeddable":true,"href":"https:\/\/www.mixerpack.es\/fr\/wp-json\/wp\/v2\/users\/2"}],"replies":[{"embeddable":true,"href":"https:\/\/www.mixerpack.es\/fr\/wp-json\/wp\/v2\/comments?post=6986"}],"version-history":[{"count":2,"href":"https:\/\/www.mixerpack.es\/fr\/wp-json\/wp\/v2\/posts\/6986\/revisions"}],"predecessor-version":[{"id":7127,"href":"https:\/\/www.mixerpack.es\/fr\/wp-json\/wp\/v2\/posts\/6986\/revisions\/7127"}],"wp:featuredmedia":[{"embeddable":true,"href":"https:\/\/www.mixerpack.es\/fr\/wp-json\/wp\/v2\/media\/6915"}],"wp:attachment":[{"href":"https:\/\/www.mixerpack.es\/fr\/wp-json\/wp\/v2\/media?parent=6986"}],"wp:term":[{"taxonomy":"category","embeddable":true,"href":"https:\/\/www.mixerpack.es\/fr\/wp-json\/wp\/v2\/categories?post=6986"},{"taxonomy":"post_tag","embeddable":true,"href":"https:\/\/www.mixerpack.es\/fr\/wp-json\/wp\/v2\/tags?post=6986"}],"curies":[{"name":"wp","href":"https:\/\/api.w.org\/{rel}","templated":true}]}}