{"id":6936,"date":"2025-11-28T10:10:08","date_gmt":"2025-11-28T10:10:08","guid":{"rendered":"https:\/\/www.mixerpack.es\/le-ccoo-met-en-avant-le-role-de-mixerpack-dans-la-co-responsabilite\/"},"modified":"2025-11-28T11:21:44","modified_gmt":"2025-11-28T11:21:44","slug":"ccoo-mixerpack-co-responsabilite","status":"publish","type":"post","link":"https:\/\/www.mixerpack.es\/fr\/ccoo-mixerpack-co-responsabilite\/","title":{"rendered":"LE CCOO MET EN AVANT LE R\u00d4LE DE   MIXER&#038;PACK DANS LA CO-RESPONSABILIT\u00c9"},"content":{"rendered":"\n<p>Cette distinction reconna\u00eet la participation active de l&rsquo;entreprise au Plan  de co-responsabilit\u00e9 2025, une politique publique promue par l&rsquo;Institut des  Femmes CLM et financ\u00e9e par le Minist\u00e8re de l&rsquo;\u00c9galit\u00e9. &#13;\n<\/p>\n\n<p><em><strong>18 novembre 2025 (Tol\u00e8de, Castille-La Manche)<\/strong><\/em><\/p>\n\n<p><b>Le d\u00e9veloppeur de parfumeries a \u00e9t\u00e9 reconnu par le Dipl\u00f4me de Co Responsabilit\u00e9 CCOO Castilla-La Mancha pour son engagement actif en faveur\u00a0 de l&rsquo;\u00e9galit\u00e9, de l&rsquo;\u00e9quilibre vie professionnelle\/vie priv\u00e9e et de l&rsquo;am\u00e9lioration des\u00a0 soins dans le cadre du Plan Co-Responsable 2025.\u00a0<\/b><\/p>\n\n<p>Le fabricant espagnol de parfumerie et de cosm\u00e9tiques a re\u00e7u le Dipl\u00f4me de  Co-responsabilit\u00e9 d\u00e9cern\u00e9 par les Comisiones Obreras de Castilla-La Mancha  (CCOO CLM) dans le cadre de la cl\u00f4ture du Plan de Co-Responsabilit\u00e9 2025.  Cette reconnaissance met en lumi\u00e8re l&rsquo;engagement de l&rsquo;entreprise envers  l&rsquo;\u00e9galit\u00e9, l&rsquo;\u00e9quilibre vie professionnelle\/vie priv\u00e9e et les politiques de  coresponsabilit\u00e9, et met en avant sa participation active \u00e0 un programme public  g\u00e9r\u00e9 par l&rsquo;Institut des Femmes de Castille-La Manche et financ\u00e9 par le Minist\u00e8re  de l&rsquo;\u00c9galit\u00e9. &#13;\n<\/p>\n\n<p>L&rsquo;\u00e9v\u00e9nement s&rsquo;est tenu dans l&rsquo;Aula Magna du campus de la Toledo Arms Factory,  un espace qui a accueilli la cl\u00f4ture officielle du programme mis en \u0153uvre par le  CCOO en 2025. L&rsquo;inauguration institutionnelle a \u00e9t\u00e9 pr\u00e9sid\u00e9e par Ana Villase\u00f1or,  Secr\u00e9taire aux Femmes, \u00e0 l&rsquo;\u00c9galit\u00e9 et \u00e0 la Jeunesse du CCOO CLM ; Javier  Ortega, secr\u00e9taire g\u00e9n\u00e9ral de la CCOO Castille-La Mancha ; et Sara Sim\u00f3n,  ministre de l&rsquo;\u00c9galit\u00e9 de la r\u00e9gion.  &#13;\n<\/p>\n\n<p><span style=\"font-weight: 400;\">Mixer &amp; Pack \u00e9tait accompagn\u00e9 de son comit\u00e9 et d&rsquo;une repr\u00e9sentation juridique\u00a0 des travailleurs, refl\u00e9tant la collaboration interne entre l&rsquo;entreprise et la\u00a0 repr\u00e9sentation syndicale pour promouvoir la conciliation et les mesures de\u00a0 coresponsabilit\u00e9. Selon Juan Manuel Mosquera, responsable du D\u00e9partement\u00a0 des Ressources Humaines : \u00ab Cette pr\u00e9sence commune d\u00e9montre l&rsquo;engagement\u00a0 ferme de l&rsquo;entreprise envers des politiques favorisant un environnement de travail\u00a0 plus \u00e9quitable, \u00e9quilibr\u00e9 et durable pour tous les travailleurs \u00bb.<\/span><\/p>\n\n<figure class=\"wp-block-gallery has-nested-images columns-default is-cropped wp-block-gallery-1 is-layout-flex wp-block-gallery-is-layout-flex\">\n<figure class=\"wp-block-image size-large\"><img loading=\"lazy\" decoding=\"async\" width=\"688\" height=\"454\" data-id=\"6928\" src=\"https:\/\/www.mixerpack.es\/wp-content\/uploads\/2025\/11\/mixer-ccoo-clm.png\" alt=\"mixer ccoo clm\" class=\"wp-image-6928\" srcset=\"https:\/\/www.mixerpack.es\/wp-content\/uploads\/2025\/11\/mixer-ccoo-clm.png 688w, https:\/\/www.mixerpack.es\/wp-content\/uploads\/2025\/11\/mixer-ccoo-clm-300x198.png 300w\" sizes=\"auto, (max-width: 688px) 100vw, 688px\" \/><\/figure>\n\n\n\n<figure class=\"wp-block-image size-large\"><img loading=\"lazy\" decoding=\"async\" width=\"649\" height=\"356\" data-id=\"6925\" src=\"https:\/\/www.mixerpack.es\/wp-content\/uploads\/2025\/11\/mixer-ccoo-clm-2.png\" alt=\"mixer ccoo clm\" class=\"wp-image-6925\" srcset=\"https:\/\/www.mixerpack.es\/wp-content\/uploads\/2025\/11\/mixer-ccoo-clm-2.png 649w, https:\/\/www.mixerpack.es\/wp-content\/uploads\/2025\/11\/mixer-ccoo-clm-2-300x165.png 300w\" sizes=\"auto, (max-width: 649px) 100vw, 649px\" \/><\/figure>\n<\/figure>\n\n<p class=\"has-text-align-right\"><i><span style=\"font-weight: 400;\">Sur la photo, Ana Villase\u00f1or, Secr\u00e9taire aux Femmes, \u00e0 l&rsquo;\u00c9galit\u00e9 et \u00e0 la Jeunesse du\u00a0 CCOO CLM ; Javier Ortega, secr\u00e9taire g\u00e9n\u00e9ral de la CCOO Castille-La Mancha ; et Sara\u00a0 Sim\u00f3n, ministre de l&rsquo;\u00c9galit\u00e9 de la r\u00e9gion.\u00a0\u00a0<\/span><\/i><\/p>\n\n<p><\/p>\n","protected":false},"excerpt":{"rendered":"<p>Cette distinction reconna\u00eet la participation active de l&rsquo;entreprise au Plan de co-responsabilit\u00e9 2025, une politique publique promue par l&rsquo;Institut des Femmes CLM et financ\u00e9e par le Minist\u00e8re de l&rsquo;\u00c9galit\u00e9. &#13; 18 novembre 2025 (Tol\u00e8de, Castille-La Manche) Le d\u00e9veloppeur de parfumeries a \u00e9t\u00e9 reconnu par le Dipl\u00f4me de Co Responsabilit\u00e9 CCOO Castilla-La Mancha pour son engagement [&hellip;]<\/p>\n","protected":false},"author":2,"featured_media":6930,"comment_status":"open","ping_status":"open","sticky":false,"template":"","format":"standard","meta":{"footnotes":""},"categories":[44,46],"tags":[],"class_list":["post-6936","post","type-post","status-publish","format-standard","has-post-thumbnail","hentry","category-press-room-fr","category-rse"],"_links":{"self":[{"href":"https:\/\/www.mixerpack.es\/fr\/wp-json\/wp\/v2\/posts\/6936","targetHints":{"allow":["GET"]}}],"collection":[{"href":"https:\/\/www.mixerpack.es\/fr\/wp-json\/wp\/v2\/posts"}],"about":[{"href":"https:\/\/www.mixerpack.es\/fr\/wp-json\/wp\/v2\/types\/post"}],"author":[{"embeddable":true,"href":"https:\/\/www.mixerpack.es\/fr\/wp-json\/wp\/v2\/users\/2"}],"replies":[{"embeddable":true,"href":"https:\/\/www.mixerpack.es\/fr\/wp-json\/wp\/v2\/comments?post=6936"}],"version-history":[{"count":1,"href":"https:\/\/www.mixerpack.es\/fr\/wp-json\/wp\/v2\/posts\/6936\/revisions"}],"predecessor-version":[{"id":6937,"href":"https:\/\/www.mixerpack.es\/fr\/wp-json\/wp\/v2\/posts\/6936\/revisions\/6937"}],"wp:featuredmedia":[{"embeddable":true,"href":"https:\/\/www.mixerpack.es\/fr\/wp-json\/wp\/v2\/media\/6930"}],"wp:attachment":[{"href":"https:\/\/www.mixerpack.es\/fr\/wp-json\/wp\/v2\/media?parent=6936"}],"wp:term":[{"taxonomy":"category","embeddable":true,"href":"https:\/\/www.mixerpack.es\/fr\/wp-json\/wp\/v2\/categories?post=6936"},{"taxonomy":"post_tag","embeddable":true,"href":"https:\/\/www.mixerpack.es\/fr\/wp-json\/wp\/v2\/tags?post=6936"}],"curies":[{"name":"wp","href":"https:\/\/api.w.org\/{rel}","templated":true}]}}