{"id":6860,"date":"2025-10-27T12:10:06","date_gmt":"2025-10-27T12:10:06","guid":{"rendered":"https:\/\/www.mixerpack.es\/mixer-pack-impose-la-tendance-a-dubai-avec-ses-solutions-b2b-en-parfumerie\/"},"modified":"2025-10-27T12:24:11","modified_gmt":"2025-10-27T12:24:11","slug":"mixer-dubai-b2b-parfumerie","status":"publish","type":"post","link":"https:\/\/www.mixerpack.es\/fr\/mixer-dubai-b2b-parfumerie\/","title":{"rendered":"MIXER &#038; PACK IMPOSE LA TENDANCE \u00c0 DUBA\u00cf  AVEC SES SOLUTIONS B2B EN PARFUMERIE"},"content":{"rendered":"\n<p class=\"has-text-align-center\">Le concepteur, d\u00e9veloppeur et fabricant de parfumerie et d\u2019ambiance  pour des marques tierces suscite une grande attente apr\u00e8s le succ\u00e8s de  l\u2019\u00e9dition pr\u00e9c\u00e9dente du salon Beauty World Middle East. <\/p>\n\n<p><b><i>27 octobre 2025 (Duba\u00ef, \u00c9mirats Arabes Unis)\u00a0<\/i><\/b><\/p>\n\n<p><b>Fort du succ\u00e8s remport\u00e9 lors de la derni\u00e8re \u00e9dition, Mixer &amp; Pack revient au\u00a0 Beauty World Middle East avec une proposition renouvel\u00e9e qui suscite d\u00e9j\u00e0 un\u00a0 vif int\u00e9r\u00eat d\u00e8s le premier jour du salon. Leader dans la conception, le\u00a0 d\u00e9veloppement et la fabrication de parfums et de produits d\u2019ambiance pour des\u00a0 tiers, l\u2019entreprise renforce sa pr\u00e9sence au Moyen-Orient avec de nouveaux\u00a0 projets, des alliances strat\u00e9giques et une image de marque consolid\u00e9e.\u00a0<\/b><\/p>\n\n<p>Situ\u00e9e dans le Hall 7, stand B26, Mixer &amp; Pack a pr\u00e9sent\u00e9 ses derni\u00e8res  innovations en mati\u00e8re de proc\u00e9d\u00e9s de fabrication de parfums, r\u00e9affirmant son  engagement envers la qualit\u00e9, la personnalisation et la durabilit\u00e9. Reconnue  pour sa large gamme de produits et de solutions technologiques destin\u00e9es \u00e0 la  production de parfums, la soci\u00e9t\u00e9 renouvelle sa participation au Beauty World  Middle East 2025 \u00e0 Duba\u00ef, confirmant ainsi sa position de r\u00e9f\u00e9rence mondiale  dans le secteur cosm\u00e9tique. <\/p>\n<div class=\"wp-block-image\">\n<figure class=\"aligncenter size-large is-resized\"><img loading=\"lazy\" decoding=\"async\" width=\"1024\" height=\"713\" src=\"https:\/\/www.mixerpack.es\/wp-content\/uploads\/2025\/05\/luxe_white.44-1-1024x713.jpg\" alt=\"\" class=\"wp-image-6378\" style=\"width:640px;height:auto\" srcset=\"https:\/\/www.mixerpack.es\/wp-content\/uploads\/2025\/05\/luxe_white.44-1-1024x713.jpg 1024w, https:\/\/www.mixerpack.es\/wp-content\/uploads\/2025\/05\/luxe_white.44-1-300x209.jpg 300w, https:\/\/www.mixerpack.es\/wp-content\/uploads\/2025\/05\/luxe_white.44-1-768x534.jpg 768w, https:\/\/www.mixerpack.es\/wp-content\/uploads\/2025\/05\/luxe_white.44-1-1536x1069.jpg 1536w, https:\/\/www.mixerpack.es\/wp-content\/uploads\/2025\/05\/luxe_white.44-1.jpg 1920w\" sizes=\"auto, (max-width: 1024px) 100vw, 1024px\" \/><figcaption class=\"wp-element-caption\">Sur la premi\u00e8re photo : le parfum \u201cLuxe Noir\u201d du groupe Lulu. <\/figcaption><\/figure>\n<\/div>\n<p>Cette ann\u00e9e, le stand met en avant un projet phare : le grand succ\u00e8s  d\u00e9velopp\u00e9 pour le Lulu Group, l\u2019un des principaux groupes de distribution de la  r\u00e9gion, qui a fait confiance \u00e0 Mixer &amp; Pack pour la r\u00e9alisation de son projet de  parfumerie. La participation au salon permet non seulement de consolider les  relations avec les clients actuels, mais aussi de d\u00e9montrer la capacit\u00e9 de Mixer  &amp; Pack \u00e0 cr\u00e9er de nouvelles opportunit\u00e9s dans un march\u00e9 strat\u00e9gique comme  celui du Moyen-Orient. &#13;\n<\/p>\n\n<p>Selon Lorena Corbacho, Directrice du D\u00e9veloppement Commercial et Produit, \u201cNous sommes ravis de participer au Beauty World Middle East 2025. La  r\u00e9ponse est extr\u00eamement positive et nous permet de renforcer notre r\u00e9seau  dans l\u2019un des salons les plus importants du secteur. Cet \u00e9v\u00e9nement constitue  \u00e9galement un point de rencontre cl\u00e9 pour pr\u00e9senter notre capacit\u00e9  d\u2019innovation, ainsi que notre compr\u00e9hension approfondie et notre ma\u00eetrise des  besoins du march\u00e9 du Moyen-Orient.\u201d&#13;\n<\/p>\n<div class=\"wp-block-image\">\n<figure class=\"aligncenter size-large is-resized\"><img loading=\"lazy\" decoding=\"async\" width=\"819\" height=\"1024\" src=\"https:\/\/www.mixerpack.es\/wp-content\/uploads\/2025\/10\/350-819x1024.jpg\" alt=\"\" class=\"wp-image-6853\" style=\"width:403px;height:auto\" srcset=\"https:\/\/www.mixerpack.es\/wp-content\/uploads\/2025\/10\/350-819x1024.jpg 819w, https:\/\/www.mixerpack.es\/wp-content\/uploads\/2025\/10\/350-240x300.jpg 240w, https:\/\/www.mixerpack.es\/wp-content\/uploads\/2025\/10\/350-768x960.jpg 768w, https:\/\/www.mixerpack.es\/wp-content\/uploads\/2025\/10\/350.jpg 1080w\" sizes=\"auto, (max-width: 819px) 100vw, 819px\" \/><figcaption class=\"wp-element-caption\">Sur la deuxi\u00e8me photo : Fernando Hern\u00e1ndez (Responsable Commercial), Lorena Corbacho  (Directrice du D\u00e9veloppement Commercial et Produit) et Alejandra Manzanal (Responsable  Grands Comptes).<\/figcaption><\/figure>\n<\/div>","protected":false},"excerpt":{"rendered":"<p>Le concepteur, d\u00e9veloppeur et fabricant de parfumerie et d\u2019ambiance pour des marques tierces suscite une grande attente apr\u00e8s le succ\u00e8s de l\u2019\u00e9dition pr\u00e9c\u00e9dente du salon Beauty World Middle East. 27 octobre 2025 (Duba\u00ef, \u00c9mirats Arabes Unis)\u00a0 Fort du succ\u00e8s remport\u00e9 lors de la derni\u00e8re \u00e9dition, Mixer &amp; Pack revient au\u00a0 Beauty World Middle East avec [&hellip;]<\/p>\n","protected":false},"author":2,"featured_media":6380,"comment_status":"open","ping_status":"open","sticky":false,"template":"","format":"standard","meta":{"footnotes":""},"categories":[44],"tags":[],"class_list":["post-6860","post","type-post","status-publish","format-standard","has-post-thumbnail","hentry","category-press-room-fr"],"_links":{"self":[{"href":"https:\/\/www.mixerpack.es\/fr\/wp-json\/wp\/v2\/posts\/6860","targetHints":{"allow":["GET"]}}],"collection":[{"href":"https:\/\/www.mixerpack.es\/fr\/wp-json\/wp\/v2\/posts"}],"about":[{"href":"https:\/\/www.mixerpack.es\/fr\/wp-json\/wp\/v2\/types\/post"}],"author":[{"embeddable":true,"href":"https:\/\/www.mixerpack.es\/fr\/wp-json\/wp\/v2\/users\/2"}],"replies":[{"embeddable":true,"href":"https:\/\/www.mixerpack.es\/fr\/wp-json\/wp\/v2\/comments?post=6860"}],"version-history":[{"count":1,"href":"https:\/\/www.mixerpack.es\/fr\/wp-json\/wp\/v2\/posts\/6860\/revisions"}],"predecessor-version":[{"id":6861,"href":"https:\/\/www.mixerpack.es\/fr\/wp-json\/wp\/v2\/posts\/6860\/revisions\/6861"}],"wp:featuredmedia":[{"embeddable":true,"href":"https:\/\/www.mixerpack.es\/fr\/wp-json\/wp\/v2\/media\/6380"}],"wp:attachment":[{"href":"https:\/\/www.mixerpack.es\/fr\/wp-json\/wp\/v2\/media?parent=6860"}],"wp:term":[{"taxonomy":"category","embeddable":true,"href":"https:\/\/www.mixerpack.es\/fr\/wp-json\/wp\/v2\/categories?post=6860"},{"taxonomy":"post_tag","embeddable":true,"href":"https:\/\/www.mixerpack.es\/fr\/wp-json\/wp\/v2\/tags?post=6860"}],"curies":[{"name":"wp","href":"https:\/\/api.w.org\/{rel}","templated":true}]}}