{"id":6586,"date":"2025-02-19T17:12:50","date_gmt":"2025-02-19T17:12:50","guid":{"rendered":"https:\/\/www.mixerpack.es\/odeurs-preferees-en-europe\/"},"modified":"2025-07-08T09:41:38","modified_gmt":"2025-07-08T09:41:38","slug":"senteurs-preferees-europe","status":"publish","type":"post","link":"https:\/\/www.mixerpack.es\/fr\/senteurs-preferees-europe\/","title":{"rendered":"Senteurs pr\u00e9f\u00e9r\u00e9es sur le continent europ\u00e9en"},"content":{"rendered":"\n<p>L&rsquo;art de la parfumerie est diff\u00e9rent dans chaque r\u00e9gion du monde et pr\u00e9sente des caract\u00e9ristiques particuli\u00e8res li\u00e9es \u00e0 la culture, \u00e0 la tradition et \u00e0 l&rsquo;h\u00e9ritage de chaque continent.&#13;\n<\/p>\n\n<p><span style=\"font-weight: 400;\">Aujourd&rsquo;hui, en Europe, les parfums pr\u00e9f\u00e9r\u00e9s refl\u00e8tent \u00e0 la fois les tendances actuelles de la mode et de la cosm\u00e9tique et les particularit\u00e9s culturelles de chaque r\u00e9gion. Dans l&rsquo;article d&rsquo;aujourd&rsquo;hui, de <\/span><span style=\"font-weight: 400;\">Mixer &amp; Pack<\/span><span style=\"font-weight: 400;\">, nous vous expliquons quels sont ces parfums qui capturent les pr\u00e9f\u00e9rences olfactives en Europe et qui deviendront s\u00fbrement vos favoris \u00e9galement.<\/span><\/p>\n\n<h2 class=\"wp-block-heading\">Pr\u00e9f\u00e9rences olfactives en fonction de chaque zone d&rsquo;Europe<\/h2>\n\n<p>L&rsquo;Europe est une mosa\u00efque de cultures et de traditions, et cela se refl\u00e8te clairement dans les parfums pr\u00e9f\u00e9r\u00e9s de ses habitants. Des senteurs fra\u00eeches et l\u00e9g\u00e8res du nord aux notes chaudes et opulentes du sud, chaque r\u00e9gion a sa propre identit\u00e9 olfactive.&#13;\n<\/p>\n\n<h3 class=\"wp-block-heading\">Europe du Nord : Fra\u00eecheur et puret\u00e9<\/h3>\n\n<p>Dans les pays nordiques comme la Su\u00e8de, la Norv\u00e8ge et le Danemark, les parfums discrets et frais pr\u00e9dominent. L&rsquo;odeur de la mer, du pin et des baies sauvages cr\u00e9e une sensation de puret\u00e9 et de nature intacte. Ces notes sont de plus en plus populaires dans la parfumerie moderne, refl\u00e9tant une tendance vers des parfums plus l\u00e9gers et plus naturels. Des notes telles que la lavande, la menthe et la bergamote sont populaires en raison de leur lien avec la nature et de la philosophie nordique de simplicit\u00e9 et de bien-\u00eatre.&#13;\n<\/p>\n\n<h3 class=\"wp-block-heading\">Europe centrale : for\u00eats froides et \u00e9pices pour l&rsquo;hiver<\/h3>\n\n<p>Dans des pays comme l&rsquo;Allemagne, l&rsquo;Autriche et la Suisse, les ar\u00f4mes des for\u00eats de pins et de sapins sont combin\u00e9s \u00e0 des notes \u00e9pic\u00e9es telles que la cannelle et le clou de girofle. Ces odeurs \u00e9voquent la sensation de confort et de chaleur, surtout pendant les mois d&rsquo;hiver. Les parfums bois\u00e9s et \u00e9pic\u00e9s sont particuli\u00e8rement appr\u00e9ci\u00e9s dans cette r\u00e9gion.&#13;\n<\/p>\n\n<h3 class=\"wp-block-heading\">Europe de l&rsquo;Ouest : le parfum de la M\u00e9diterran\u00e9e<\/h3>\n\n<p>Dans les r\u00e9gions m\u00e9diterran\u00e9ennes telles que les c\u00f4tes de la France, de la Gr\u00e8ce, de l&rsquo;Italie et de l&rsquo;Espagne, les consommateurs ont tendance \u00e0 pr\u00e9f\u00e9rer les parfums haut de gamme avec des combinaisons uniques de notes florales, d&rsquo;agrumes et bois\u00e9es rappelant les nuits d&rsquo;\u00e9t\u00e9, la brise marine et la campagne. Dans les pays du sud de l&rsquo;Europe, les ar\u00f4mes d&rsquo;agrumes et d&rsquo;herbes pr\u00e9dominent. L&rsquo;odeur du citron, de l&rsquo;orange et de la bergamote se m\u00eale aux notes de romarin, de thym et de lavande, cr\u00e9ant une atmosph\u00e8re fra\u00eeche et vivifiante. Ces parfums se refl\u00e8tent dans de nombreux parfums populaires qui capturent l&rsquo;essence de l&rsquo;\u00e9t\u00e9 m\u00e9diterran\u00e9en&#13;\n<\/p>\n\n<h3 class=\"wp-block-heading\">Europe de l&rsquo;Est : la tradition florale<\/h3>\n\n<p>Les pays d&rsquo;Europe de l&rsquo;Est, comme la Pologne et la Russie, se caract\u00e9risent par des parfums de fleurs sauvages comme la rose et le jasmin, m\u00e9lang\u00e9s \u00e0 des notes chaudes d&rsquo;ambre et de vanille. Ces combinaisons cr\u00e9ent des parfums intenses et sophistiqu\u00e9s qui refl\u00e8tent la riche histoire culturelle de la r\u00e9gion.&#13;\n<\/p>\n<div class=\"wp-block-image\">\n<figure class=\"aligncenter size-large is-resized\"><img loading=\"lazy\" decoding=\"async\" width=\"1024\" height=\"1024\" src=\"https:\/\/www.mixerpack.es\/wp-content\/uploads\/2025\/02\/1-1-1-1024x1024.png\" alt=\"olores favoritos del continente europeo\" class=\"wp-image-6007\" style=\"width:536px;height:auto\" srcset=\"https:\/\/www.mixerpack.es\/wp-content\/uploads\/2025\/02\/1-1-1-1024x1024.png 1024w, https:\/\/www.mixerpack.es\/wp-content\/uploads\/2025\/02\/1-1-1-300x300.png 300w, https:\/\/www.mixerpack.es\/wp-content\/uploads\/2025\/02\/1-1-1-150x150.png 150w, https:\/\/www.mixerpack.es\/wp-content\/uploads\/2025\/02\/1-1-1-768x768.png 768w, https:\/\/www.mixerpack.es\/wp-content\/uploads\/2025\/02\/1-1-1.png 1080w\" sizes=\"auto, (max-width: 1024px) 100vw, 1024px\" \/><\/figure>\n<\/div>\n<h2 class=\"wp-block-heading\">Tendances actuelles des parfums en Europe<\/h2>\n\n<p>Le march\u00e9 europ\u00e9en des parfums est en constante \u00e9volution, pouss\u00e9 par des tendances telles que la personnalisation, la durabilit\u00e9 et l&rsquo;accent mis sur le bien-\u00eatre \u00e9motionnel.&#13;\n<\/p>\n\n<ol class=\"wp-block-list\">\n<li><b>Personnalisation <\/b><span style=\"font-weight: 400;\">: Les jeunes consommateurs recherchent des parfums qui refl\u00e8tent leur individualit\u00e9. Cela a conduit \u00e0 l&rsquo;essor des parfums personnalis\u00e9s qui combinent des notes classiques avec des touches modernes et inattendues.<\/span><\/li>\n\n\n\n<li><b>Durabilit\u00e9 <\/b><span style=\"font-weight: 400;\">: La demande de produits respectueux de l&rsquo;environnement devient de plus en plus populaire. Une nouvelle exigence pour l&rsquo;industrie de la parfumerie en Europe est de fabriquer des parfums avec des produits biologiques, des ingr\u00e9dients naturels et des emballages durables. Notre entreprise est \u00e9galement toujours \u00e0 l&rsquo;avant-garde de la durabilit\u00e9 et de l&rsquo;innovation technologique.\u00a0<\/span><\/li>\n\n\n\n<li><b>Bien-\u00eatre \u00e9motionnel et sant\u00e9 mentale <\/b><span style=\"font-weight: 400;\">: Il a \u00e9t\u00e9 d\u00e9montr\u00e9 que les parfums ont un fort impact sur notre <\/span><a href=\"https:\/\/www.mixerpack.es\/empatia-olfativa-perfumeria\/\"><span style=\"font-weight: 400;\">bien-\u00eatre \u00e9motionnel<\/span><\/a><span style=\"font-weight: 400;\"> et qu&rsquo;ils sont capables d&rsquo;influencer notre sant\u00e9 mentale, d&rsquo;apaiser l&rsquo;anxi\u00e9t\u00e9 ou de stimuler notre motivation.\u00a0<\/span><\/li>\n<\/ol>\n\n<h2 class=\"wp-block-heading\">Les senteurs pr\u00e9f\u00e9r\u00e9es pour nos parfums en Europe<\/h2>\n\n<p><span style=\"font-weight: 400;\">Les parfums ont le pouvoir unique d&rsquo;\u00e9voquer des \u00e9motions et des souvenirs. En Europe, o\u00f9 l&rsquo;odorat joue un r\u00f4le crucial dans la vie quotidienne, la tradition et la culture, les parfums ne sont pas seulement des accessoires ; Ils sont des expressions identitaires. Ainsi, certaines notes olfactives ont r\u00e9ussi \u00e0 devenir des ic\u00f4nes des parfums en Europe gr\u00e2ce \u00e0 leur \u00e9norme personnalit\u00e9, leur force et leur charisme. Par exemple, <\/span><b>pour le printemps<\/b><span style=\"font-weight: 400;\">, les Europ\u00e9ens ne r\u00e9sistent pas aux notes de jasmin, de rose et de lavande.<\/span><\/p>\n\n<p><b>Pour l&rsquo;\u00e9t\u00e9<\/b><span style=\"font-weight: 400;\">, cependant, ils pr\u00e9f\u00e8rent les senteurs fra\u00eeches et m\u00e9diterran\u00e9ennes, qui combinent des notes d&rsquo;agrumes avec une touche florale. <\/span><b>Et pour la saison automne-hiver<\/b><span style=\"font-weight: 400;\"> , ils ont tendance \u00e0 opter pour des parfums plus audacieux et plus forts, avec des touches de bois, de vanille ou des ar\u00f4mes gourmands.<\/span><\/p>\n\n<h2 class=\"wp-block-heading\">Mixer &amp; Pack : l&rsquo;innovation dans les parfums en Europe<\/h2>\n\n<p>Chez Mixer &amp; Pack, nous nous sommes impos\u00e9s comme une r\u00e9f\u00e9rence dans la cr\u00e9ation de parfums qui capturent les pr\u00e9f\u00e9rences olfactives europ\u00e9ennes. Depuis notre si\u00e8ge social en Espagne, notre entreprise con\u00e7oit et fabrique plus de 1 300 r\u00e9f\u00e9rences diff\u00e9rentes par an pour des marques internationales.&#13;\n<\/p>\n\n<h3 class=\"wp-block-heading\">Notre engagement envers la qualit\u00e9<\/h3>\n\n<p>L&rsquo;\u00e9quipe multidisciplinaire de Mixer &amp; Pack travaille en \u00e9troite collaboration avec ses clients pour d\u00e9velopper des produits qui r\u00e9pondent non seulement \u00e0 des normes de qualit\u00e9 \u00e9lev\u00e9es, mais qui refl\u00e8tent \u00e9galement les valeurs uniques de chaque marque.&#13;\n<\/p>\n<div class=\"wp-block-image\">\n<figure class=\"alignright size-large is-resized\"><img loading=\"lazy\" decoding=\"async\" width=\"1024\" height=\"1024\" src=\"https:\/\/www.mixerpack.es\/wp-content\/uploads\/2025\/02\/3-2-1-1024x1024.png\" alt=\"olores favoritos del continente europeo\" class=\"wp-image-6010\" style=\"width:413px;height:auto\" srcset=\"https:\/\/www.mixerpack.es\/wp-content\/uploads\/2025\/02\/3-2-1-1024x1024.png 1024w, https:\/\/www.mixerpack.es\/wp-content\/uploads\/2025\/02\/3-2-1-300x300.png 300w, https:\/\/www.mixerpack.es\/wp-content\/uploads\/2025\/02\/3-2-1-150x150.png 150w, https:\/\/www.mixerpack.es\/wp-content\/uploads\/2025\/02\/3-2-1-768x768.png 768w, https:\/\/www.mixerpack.es\/wp-content\/uploads\/2025\/02\/3-2-1.png 1080w\" sizes=\"auto, (max-width: 1024px) 100vw, 1024px\" \/><\/figure>\n<\/div>\n<h2 class=\"wp-block-heading\">Mixer &amp; Pack : leaders de la cr\u00e9ation de parfums en Europe<\/h2>\n\n<p>L&rsquo;Europe est un continent o\u00f9 les parfums ne sont pas seulement utilis\u00e9s ; Ils sont v\u00e9cus. Des senteurs fra\u00eeches du nord aux compositions opulentes du sud, chaque parfum raconte une histoire unique. Chez Mixer &amp; Pack, nous savons interpr\u00e9ter ces pr\u00e9f\u00e9rences olfactives pour cr\u00e9er des produits qui non seulement r\u00e9pondent aux attentes du march\u00e9 europ\u00e9en, mais \u00e9tablissent \u00e9galement de nouvelles normes en mati\u00e8re de qualit\u00e9 et d&rsquo;innovation.&#13;\n<\/p>\n\n<p><span style=\"font-weight: 400;\">Si vous cherchez \u00e0 d\u00e9velopper un parfum qui capture l&rsquo;essence europ\u00e9enne ou si vous souhaitez explorer de nouvelles tendances olfactives pour votre marque, faites confiance \u00e0 Mixer &amp; Pack et <\/span><span style=\"font-weight: 400;\">contactez-nous<\/span><span style=\"font-weight: 400;\"> pour d\u00e9couvrir comment vous pouvez transformer votre id\u00e9e en r\u00e9alit\u00e9.<\/span><\/p>\n\n<p><\/p>\n","protected":false},"excerpt":{"rendered":"<p>L&rsquo;art de la parfumerie est diff\u00e9rent dans chaque r\u00e9gion du monde et pr\u00e9sente des caract\u00e9ristiques particuli\u00e8res li\u00e9es \u00e0 la culture, \u00e0 la tradition et \u00e0 l&rsquo;h\u00e9ritage de chaque continent.&#13; Aujourd&rsquo;hui, en Europe, les parfums pr\u00e9f\u00e9r\u00e9s refl\u00e8tent \u00e0 la fois les tendances actuelles de la mode et de la cosm\u00e9tique et les particularit\u00e9s culturelles de chaque [&hellip;]<\/p>\n","protected":false},"author":2,"featured_media":6006,"comment_status":"open","ping_status":"open","sticky":false,"template":"","format":"standard","meta":{"footnotes":""},"categories":[42],"tags":[],"class_list":["post-6586","post","type-post","status-publish","format-standard","has-post-thumbnail","hentry","category-news-fr"],"_links":{"self":[{"href":"https:\/\/www.mixerpack.es\/fr\/wp-json\/wp\/v2\/posts\/6586","targetHints":{"allow":["GET"]}}],"collection":[{"href":"https:\/\/www.mixerpack.es\/fr\/wp-json\/wp\/v2\/posts"}],"about":[{"href":"https:\/\/www.mixerpack.es\/fr\/wp-json\/wp\/v2\/types\/post"}],"author":[{"embeddable":true,"href":"https:\/\/www.mixerpack.es\/fr\/wp-json\/wp\/v2\/users\/2"}],"replies":[{"embeddable":true,"href":"https:\/\/www.mixerpack.es\/fr\/wp-json\/wp\/v2\/comments?post=6586"}],"version-history":[{"count":2,"href":"https:\/\/www.mixerpack.es\/fr\/wp-json\/wp\/v2\/posts\/6586\/revisions"}],"predecessor-version":[{"id":6590,"href":"https:\/\/www.mixerpack.es\/fr\/wp-json\/wp\/v2\/posts\/6586\/revisions\/6590"}],"wp:featuredmedia":[{"embeddable":true,"href":"https:\/\/www.mixerpack.es\/fr\/wp-json\/wp\/v2\/media\/6006"}],"wp:attachment":[{"href":"https:\/\/www.mixerpack.es\/fr\/wp-json\/wp\/v2\/media?parent=6586"}],"wp:term":[{"taxonomy":"category","embeddable":true,"href":"https:\/\/www.mixerpack.es\/fr\/wp-json\/wp\/v2\/categories?post=6586"},{"taxonomy":"post_tag","embeddable":true,"href":"https:\/\/www.mixerpack.es\/fr\/wp-json\/wp\/v2\/tags?post=6586"}],"curies":[{"name":"wp","href":"https:\/\/api.w.org\/{rel}","templated":true}]}}