{"id":6453,"date":"2025-06-11T10:36:05","date_gmt":"2025-06-11T10:36:05","guid":{"rendered":"https:\/\/www.mixerpack.es\/mixer-pack-lance-essence-360-son-premier-magazine-dentreprise\/"},"modified":"2025-06-12T09:59:23","modified_gmt":"2025-06-12T09:59:23","slug":"lance-essence-360-magazine","status":"publish","type":"post","link":"https:\/\/www.mixerpack.es\/fr\/lance-essence-360-magazine\/","title":{"rendered":"MIXER &#038; PACK LANCE ESSENCE 360, SON PREMIER MAGAZINE D\u2019ENTREPRISE"},"content":{"rendered":"\n<p>Une publication qui c\u00e9l\u00e8bre l&rsquo;histoire, les valeurs et les personnes derri\u00e8re l&rsquo;un des leaders europ\u00e9ens dans la conception, le d\u00e9veloppement et la fabrication de parfums pour des tiers.&#13;\n<\/p>\n\n<p><b><i>9 juin 2025 (Cabanillas del Campo, Guadalajara)<\/i><\/b><\/p>\n\n<p><b>\u00c0 l&rsquo;occasion de son 30e anniversaire, Mixer &amp; Pack, entreprise espagnole leader dans la conception, le d\u00e9veloppement et la fabrication de parfums en marque blanche, pr\u00e9sente <\/b><b><i>Essence 360<\/i><\/b><b>, son tout premier magazine d\u2019entreprise. Cette publication annuelle met en valeur trois d\u00e9cennies de parcours, d\u2019excellence et de croissance, avec un accent particulier sur les personnes et les piliers qui ont fa\u00e7onn\u00e9 l\u2019ADN de l\u2019entreprise : innovation, durabilit\u00e9, service et talent humain.<\/b><\/p>\n\n<p><b><i>Une couverture \u00e0 l\u2019essence humaine<\/i><\/b><\/p>\n\n<p>La couverture de cette premi\u00e8re \u00e9dition met en avant les 11 employ\u00e9s de l\u2019ann\u00e9e depuis l\u2019instauration de cette reconnaissance interne. Une image qui repr\u00e9sente le v\u00e9ritable c\u0153ur de Mixer &amp; Pack: les personnes qui, jour apr\u00e8s jour, rendent possible son excellence op\u00e9rationnelle et son positionnement en tant que fabricant strat\u00e9gique pour les marques leaders du secteur.&#13;\n<\/p>\n\n<p><b><i>Un contenu de haut niveau et des collaborations uniques<\/i><\/b><\/p>\n\n<p>Esencia 360 inclut des interviews exclusives de grandes figures du monde institutionnel et de la parfumerie internationale:&#13;\n<\/p>\n\n<p>Cecilia Bolocco, ancienne Miss Univers et figure embl\u00e9matique de la mode et de la communication en Am\u00e9rique latine, pour qui Mixer &amp; Pack d\u00e9veloppe sa ligne de parfums, commercialis\u00e9e dans les grands magasins Par\u00eds.&#13;\n<\/p>\n\n<p>Emiliano Garc\u00eda-Page, pr\u00e9sident de Castilla-La Mancha, partage sa vision du r\u00f4le de l\u2019industrie r\u00e9gionale et du soutien institutionnel au d\u00e9veloppement \u00e9conomique, soulignant \u00e9galement la contribution de Mixer &amp; Pack au tissu entrepreneurial de la r\u00e9gion.&#13;\n<\/p>\n\n<p>Emilio Valeros, ma\u00eetre parfumeur, acad\u00e9micien et titulaire du fauteuil lavande \u00e0 l\u2019Acad\u00e9mie du Parfum, ancien directeur technique de Loewe Parfums, ami du fondateur Rodolfo G\u00f3mez de Vargas et figure cl\u00e9 \u00e0 l\u2019origine de Mixer &amp; Pack. C\u2019est pour Loewe que la premi\u00e8re fragrance produite par la soci\u00e9t\u00e9 a \u00e9t\u00e9 cr\u00e9\u00e9e: Esencia de Loewe.&#13;\n<\/p>\n\n<p><b><i>Une histoire qui inspire<\/i><\/b><\/p>\n\n<p>Le magazine consacre \u00e9galement une section sp\u00e9ciale aux origines de Mixer &amp; Pack, fond\u00e9e en 1994 par Rodolfo G\u00f3mez de Vargas et Gregoria Loeches Antol\u00edn. Depuis ses d\u00e9buts \u00e0 Meco (Madrid) jusqu\u2019\u00e0 sa consolidation \u00e0 Cabanillas del Campo (Guadalajara), Mixer &amp; Pack a su cro\u00eetre en conservant ses valeurs familiales tout en s\u2019internationalisant et en se diversifiant en tant que fournisseur de parfums pour marques priv\u00e9es.&#13;\n<\/p>\n\n<p><b><i>D\u2019une entreprise familiale \u00e0 une r\u00e9f\u00e9rence internationale<\/i><\/b><\/p>\n\n<p>Aujourd\u2019hui, sous la direction de la deuxi\u00e8me g\u00e9n\u00e9ration, Mixer &amp; Pack fr\u00f4le les 100 millions d\u2019euros de chiffre d\u2019affaires, se positionnant comme l\u2019un des principaux fabricants europ\u00e9ens de parfums en marque blanche, travaillant pour des groupes de mode, de cosm\u00e9tique et des c\u00e9l\u00e9brit\u00e9s de premier plan.&#13;\n<\/p>\n\n<p>Comme le souligne l\u2019\u00e9ditorial sign\u00e9 par le Conseil d\u2019Administration, Essence 360 ne na\u00eet pas seulement pour c\u00e9l\u00e9brer cet anniversaire, mais pour perdurer en tant qu\u2019espace de dialogue interne et externe, montrant la culture d\u2019entreprise, les projets strat\u00e9giques et la vision d\u2019avenir d\u2019une soci\u00e9t\u00e9 qui continue de cro\u00eetre avec une \u00e2me familiale et une vocation internationale.&#13;\n<\/p>\n<div class=\"wp-block-image\">\n<figure class=\"aligncenter size-large is-resized\"><img loading=\"lazy\" decoding=\"async\" width=\"789\" height=\"1024\" src=\"https:\/\/www.mixerpack.es\/wp-content\/uploads\/2025\/06\/PORTADA-ESENCIA-360-1-789x1024.jpg\" alt=\"\" class=\"wp-image-6445\" style=\"width:697px;height:auto\" srcset=\"https:\/\/www.mixerpack.es\/wp-content\/uploads\/2025\/06\/PORTADA-ESENCIA-360-1-789x1024.jpg 789w, https:\/\/www.mixerpack.es\/wp-content\/uploads\/2025\/06\/PORTADA-ESENCIA-360-1-231x300.jpg 231w, https:\/\/www.mixerpack.es\/wp-content\/uploads\/2025\/06\/PORTADA-ESENCIA-360-1-768x997.jpg 768w, https:\/\/www.mixerpack.es\/wp-content\/uploads\/2025\/06\/PORTADA-ESENCIA-360-1-1183x1536.jpg 1183w, https:\/\/www.mixerpack.es\/wp-content\/uploads\/2025\/06\/PORTADA-ESENCIA-360-1.jpg 1483w\" sizes=\"auto, (max-width: 789px) 100vw, 789px\" \/><figcaption class=\"wp-element-caption\">Couverture de la premi\u00e8re \u00e9dition de ESENCIA 360.<\/figcaption><\/figure>\n<\/div>\n<p><em><strong>Pour d\u00e9couvrir le \u00abcomment \u00e7a a \u00e9t\u00e9 fait \u00bb<\/strong><\/em><\/p>\n\n<figure class=\"wp-block-embed is-type-video is-provider-youtube wp-block-embed-youtube wp-embed-aspect-16-9 wp-has-aspect-ratio\"><div class=\"wp-block-embed__wrapper\">\r\n<iframe loading=\"lazy\" title=\"30 A\u00d1OS DE MIXER &amp; PACK CONTADOS EN UNA REVISTA: NACE &quot;ESENCIA 360&quot;\" width=\"800\" height=\"450\" src=\"https:\/\/www.youtube.com\/embed\/jhBjySW7dec?feature=oembed\" frameborder=\"0\" allow=\"accelerometer; autoplay; clipboard-write; encrypted-media; gyroscope; picture-in-picture; web-share\" referrerpolicy=\"strict-origin-when-cross-origin\" allowfullscreen><\/iframe>\r\n<\/div><\/figure>\r\n\n<p><\/p>\n","protected":false},"excerpt":{"rendered":"<p>Une publication qui c\u00e9l\u00e8bre l&rsquo;histoire, les valeurs et les personnes derri\u00e8re l&rsquo;un des leaders europ\u00e9ens dans la conception, le d\u00e9veloppement et la fabrication de parfums pour des tiers.&#13; 9 juin 2025 (Cabanillas del Campo, Guadalajara) \u00c0 l&rsquo;occasion de son 30e anniversaire, Mixer &amp; Pack, entreprise espagnole leader dans la conception, le d\u00e9veloppement et la fabrication [&hellip;]<\/p>\n","protected":false},"author":2,"featured_media":6447,"comment_status":"open","ping_status":"open","sticky":false,"template":"","format":"standard","meta":{"footnotes":""},"categories":[44,46],"tags":[],"class_list":["post-6453","post","type-post","status-publish","format-standard","has-post-thumbnail","hentry","category-press-room-fr","category-rse"],"_links":{"self":[{"href":"https:\/\/www.mixerpack.es\/fr\/wp-json\/wp\/v2\/posts\/6453","targetHints":{"allow":["GET"]}}],"collection":[{"href":"https:\/\/www.mixerpack.es\/fr\/wp-json\/wp\/v2\/posts"}],"about":[{"href":"https:\/\/www.mixerpack.es\/fr\/wp-json\/wp\/v2\/types\/post"}],"author":[{"embeddable":true,"href":"https:\/\/www.mixerpack.es\/fr\/wp-json\/wp\/v2\/users\/2"}],"replies":[{"embeddable":true,"href":"https:\/\/www.mixerpack.es\/fr\/wp-json\/wp\/v2\/comments?post=6453"}],"version-history":[{"count":1,"href":"https:\/\/www.mixerpack.es\/fr\/wp-json\/wp\/v2\/posts\/6453\/revisions"}],"predecessor-version":[{"id":6454,"href":"https:\/\/www.mixerpack.es\/fr\/wp-json\/wp\/v2\/posts\/6453\/revisions\/6454"}],"wp:featuredmedia":[{"embeddable":true,"href":"https:\/\/www.mixerpack.es\/fr\/wp-json\/wp\/v2\/media\/6447"}],"wp:attachment":[{"href":"https:\/\/www.mixerpack.es\/fr\/wp-json\/wp\/v2\/media?parent=6453"}],"wp:term":[{"taxonomy":"category","embeddable":true,"href":"https:\/\/www.mixerpack.es\/fr\/wp-json\/wp\/v2\/categories?post=6453"},{"taxonomy":"post_tag","embeddable":true,"href":"https:\/\/www.mixerpack.es\/fr\/wp-json\/wp\/v2\/tags?post=6453"}],"curies":[{"name":"wp","href":"https:\/\/api.w.org\/{rel}","templated":true}]}}