{"id":6369,"date":"2025-05-21T13:56:26","date_gmt":"2025-05-21T13:56:26","guid":{"rendered":"https:\/\/www.mixerpack.es\/mixer-pack-recoit-la-visite-de-la-secretaire-generale-a-linnovation-dans-ses-installations-4-0\/"},"modified":"2025-05-27T14:00:58","modified_gmt":"2025-05-27T14:00:58","slug":"mixer-pack-recoit-la-visite-de-la-secretaire-generale-a-linnovation-dans-ses-installations-4-0","status":"publish","type":"post","link":"https:\/\/www.mixerpack.es\/fr\/mixer-pack-recoit-la-visite-de-la-secretaire-generale-a-linnovation-dans-ses-installations-4-0\/","title":{"rendered":"MIXER &#038; PACK RE\u00c7OIT LA VISITE DE LA   SECR\u00c9TAIRE G\u00c9N\u00c9RALE \u00c0 L\u2019INNOVATION DANS  SES INSTALLATIONS 4.0."},"content":{"rendered":"\n<p>La Secr\u00e9taire G\u00e9n\u00e9rale \u00e0 l\u2019Innovation, Teresa Riesgo Alcaide,  accompagn\u00e9e de son \u00e9quipe, a rendu visite au fabricant de parfums et  de produits d\u2019ambiance pour des marques tiers dans le but de d\u00e9couvrir  l\u2019ensemble de ses processus industriels et de design innovants, qui l\u2019ont  positionn\u00e9 comme un leader en Europe. <\/p>\n\n<p><b><i>21 mai 2025 (Cabanillas del Campo, Guadalajara)\u00a0<\/i><\/b><\/p>\n\n<p><b>La Secr\u00e9taire G\u00e9n\u00e9rale \u00e0 l\u2019Innovation a eu une r\u00e9union avec la direction de Mixer\u00a0 &amp; Pack afin de conna\u00eetre sa strat\u00e9gie d\u2019innovation et les projets qui positionnent\u00a0 l\u2019entreprise comme une r\u00e9f\u00e9rence dans son secteur. Lors de la visite, des axes\u00a0 cl\u00e9s ont \u00e9t\u00e9 abord\u00e9s, tels que l\u2019int\u00e9gration de technologies \u00e9mergentes, la\u00a0 promotion de la durabilit\u00e9 gr\u00e2ce \u00e0 des solutions innovantes, ainsi que la vocation\u00a0 exportatrice de talents et de design vers plus de 130 pays \u00e0 travers le monde. <\/b><\/p>\n\n<p><span style=\"font-weight: 400;\">La journ\u00e9e a d\u00e9but\u00e9 par une pr\u00e9sentation au cours de laquelle Mixer &amp; Pack a\u00a0 partag\u00e9 des informations sur sa croissance et son engagement envers\u00a0 l\u2019excellence dans la conception et la fabrication de parfums. Le fabricant de\u00a0 parfumerie a pr\u00e9sent\u00e9 des projets ax\u00e9s sur l\u2019automatisation intelligente, la\u00a0 durabilit\u00e9 industrielle et la digitalisation compl\u00e8te de ses processus, ainsi que sur\u00a0 les plus de 300 cr\u00e9ations annuelles qu\u2019il exporte vers plus de 130 pays \u00e0 travers le\u00a0 monde, ce qui l\u2019a consolid\u00e9 comme une r\u00e9f\u00e9rence en mati\u00e8re d\u2019innovation et\u00a0 de cr\u00e9ativit\u00e9 dans le secteur de la parfumerie et de la cosm\u00e9tique.\u00a0<\/span><\/p>\n\n<p><span style=\"font-weight: 400;\">Lors de cette visite, Mixer &amp; Pack a accueilli <\/span><b>Teresa Riesgo Alcaide, Secr\u00e9taire\u00a0 G\u00e9n\u00e9rale \u00e0 l\u2019Innovation, Nuria Valc\u00e1rcel, Directrice du Cabinet Technique, <\/b><span style=\"font-weight: 400;\">et <\/span><b>Elena Guijarro, Cheffe du D\u00e9partement des Technologies Durables et des\u00a0 Mat\u00e9riaux du CDTI<\/b><span style=\"font-weight: 400;\">.\u00a0<\/span><\/p>\n\n<p>Lors de la rencontre, Mixer &amp; Pack a pr\u00e9sent\u00e9 les derni\u00e8res avanc\u00e9es mises en  \u0153uvre dans le cadre de son engagement ferme en faveur de la transformation  num\u00e9rique et de la durabilit\u00e9. Parmi les solutions partag\u00e9es, ont \u00e9t\u00e9 mises en  avant l\u2019int\u00e9gration de tunnels RFID pour la tra\u00e7abilit\u00e9 automatis\u00e9e en temps r\u00e9el  (consid\u00e9r\u00e9s comme les premiers dans le secteur de l\u2019industrie de la parfumerie),  l\u2019utilisation de lunettes de r\u00e9alit\u00e9 mixte comme outil pour la formation technique  et la maintenance \u00e0 distance <\/p>\n\n<p>(r\u00e9cemment r\u00e9compens\u00e9e par le prix AITEX de <span style=\"font-weight: 400;\">l\u2019innovation dans l\u2019industrie cosm\u00e9tique), l\u2019installation de 816 modules\u00a0 photovolta\u00efques renfor\u00e7ant son engagement en mati\u00e8re d\u2019efficacit\u00e9\u00a0 \u00e9nerg\u00e9tique et de d\u00e9carbonation du processus de production, l\u2019int\u00e9gration de\u00a0 cam\u00e9ras de vision artificielle avec syst\u00e8me de Deep Learning pour l\u2019am\u00e9lioration\u00a0 de la qualit\u00e9, la gestion \u00e9motionnelle des employ\u00e9s gr\u00e2ce \u00e0 des start-ups <\/span><\/p>\n\n<p>d\u00e9velopp\u00e9es avec l\u2019intelligence artificielle ; ainsi que le fait que ses installations  r\u00e9cemment inaugur\u00e9es sont consid\u00e9r\u00e9es comme parmi les plus avanc\u00e9es  d\u2019Europe. <\/p>\n\n<p>Par la suite, Teresa Riesgo et son \u00e9quipe ont partag\u00e9 tous les progr\u00e8s r\u00e9alis\u00e9s ainsi  que les possibles voies de collaboration, ainsi que le soutien du Minist\u00e8re de la  Science, de l\u2019Innovation et des Universit\u00e9s, afin que Mixer &amp; Pack poursuive sa  strat\u00e9gie d\u2019innovation et d\u2019exportation du design. Selon les mots de Teresa  Riesgo : \u00ab Mixer a prouv\u00e9 \u00eatre une industrie innovante, unique et tr\u00e8s cr\u00e9ative (\u2026)  et nous avons beaucoup appr\u00e9ci\u00e9 de voir comment des projets et des r\u00e9alit\u00e9s  aussi importants se d\u00e9veloppent en Espagne. \u00bb &#13;\n<\/p>\n\n<p>D\u2019autre part, une grande partie de la r\u00e9union s\u2019est concentr\u00e9e sur la mise en  lumi\u00e8re de l\u2019industrie espagnole de la beaut\u00e9 et de la parfumerie, o\u00f9 l\u2019Espagne  occupe la deuxi\u00e8me place en mati\u00e8re d\u2019exportation de parfums. Mixer &amp; Pack  y joue un r\u00f4le important dans le domaine du design et de la production, puisque  ses produits atteignent des consommateurs dans plus de 130 pays \u00e0 travers le  monde et compte aujourd\u2019hui des clients sur les 5 continents, exportant la  cr\u00e9ativit\u00e9 espagnole ainsi que le design \u00ab made in Spain \u00bb.&#13;\n<\/p>\n<div class=\"wp-block-image\">\n<figure class=\"aligncenter size-large\"><img loading=\"lazy\" decoding=\"async\" width=\"1024\" height=\"768\" src=\"https:\/\/www.mixerpack.es\/wp-content\/uploads\/2025\/05\/Visita-innovacion-1024x768.jpg\" alt=\"\" class=\"wp-image-6338\" srcset=\"https:\/\/www.mixerpack.es\/wp-content\/uploads\/2025\/05\/Visita-innovacion-1024x768.jpg 1024w, https:\/\/www.mixerpack.es\/wp-content\/uploads\/2025\/05\/Visita-innovacion-300x225.jpg 300w, https:\/\/www.mixerpack.es\/wp-content\/uploads\/2025\/05\/Visita-innovacion-768x576.jpg 768w, https:\/\/www.mixerpack.es\/wp-content\/uploads\/2025\/05\/Visita-innovacion-1536x1152.jpg 1536w, https:\/\/www.mixerpack.es\/wp-content\/uploads\/2025\/05\/Visita-innovacion-2048x1536.jpg 2048w\" sizes=\"auto, (max-width: 1024px) 100vw, 1024px\" \/><figcaption class=\"wp-element-caption\">De gauche \u00e0 droite : Lorenzo Garc\u00eda, directeur des op\u00e9rations, Elena Guijarro, chef du d\u00e9partement Technologies et mat\u00e9riaux durables du CDTI, Rodolfo G\u00f3mez, directeur de Mixer &amp; Pack, Agust\u00edn G\u00f3mez, pr\u00e9sident de Mixer &amp; Pack, Teresa Riesgo, secr\u00e9taire g\u00e9n\u00e9rale \u00e0 l&rsquo;innovation, Javier Aguilera, directeur g\u00e9n\u00e9ral de Mixer &amp; Pack, Nuria Valc\u00e1rcel, chef du cabinet technique du secr\u00e9taire g\u00e9n\u00e9ral \u00e0 l&rsquo;innovation et Javier Palacios, directeur d&rsquo;usine.<\/figcaption><\/figure>\n<\/div>","protected":false},"excerpt":{"rendered":"<p>La Secr\u00e9taire G\u00e9n\u00e9rale \u00e0 l\u2019Innovation, Teresa Riesgo Alcaide, accompagn\u00e9e de son \u00e9quipe, a rendu visite au fabricant de parfums et de produits d\u2019ambiance pour des marques tiers dans le but de d\u00e9couvrir l\u2019ensemble de ses processus industriels et de design innovants, qui l\u2019ont positionn\u00e9 comme un leader en Europe. 21 mai 2025 (Cabanillas del Campo, [&hellip;]<\/p>\n","protected":false},"author":2,"featured_media":6340,"comment_status":"open","ping_status":"open","sticky":false,"template":"","format":"standard","meta":{"footnotes":""},"categories":[49,44],"tags":[],"class_list":["post-6369","post","type-post","status-publish","format-standard","has-post-thumbnail","hentry","category-innovation-fr","category-press-room-fr"],"_links":{"self":[{"href":"https:\/\/www.mixerpack.es\/fr\/wp-json\/wp\/v2\/posts\/6369","targetHints":{"allow":["GET"]}}],"collection":[{"href":"https:\/\/www.mixerpack.es\/fr\/wp-json\/wp\/v2\/posts"}],"about":[{"href":"https:\/\/www.mixerpack.es\/fr\/wp-json\/wp\/v2\/types\/post"}],"author":[{"embeddable":true,"href":"https:\/\/www.mixerpack.es\/fr\/wp-json\/wp\/v2\/users\/2"}],"replies":[{"embeddable":true,"href":"https:\/\/www.mixerpack.es\/fr\/wp-json\/wp\/v2\/comments?post=6369"}],"version-history":[{"count":1,"href":"https:\/\/www.mixerpack.es\/fr\/wp-json\/wp\/v2\/posts\/6369\/revisions"}],"predecessor-version":[{"id":6370,"href":"https:\/\/www.mixerpack.es\/fr\/wp-json\/wp\/v2\/posts\/6369\/revisions\/6370"}],"wp:featuredmedia":[{"embeddable":true,"href":"https:\/\/www.mixerpack.es\/fr\/wp-json\/wp\/v2\/media\/6340"}],"wp:attachment":[{"href":"https:\/\/www.mixerpack.es\/fr\/wp-json\/wp\/v2\/media?parent=6369"}],"wp:term":[{"taxonomy":"category","embeddable":true,"href":"https:\/\/www.mixerpack.es\/fr\/wp-json\/wp\/v2\/categories?post=6369"},{"taxonomy":"post_tag","embeddable":true,"href":"https:\/\/www.mixerpack.es\/fr\/wp-json\/wp\/v2\/tags?post=6369"}],"curies":[{"name":"wp","href":"https:\/\/api.w.org\/{rel}","templated":true}]}}