{"id":6335,"date":"2025-01-22T15:56:09","date_gmt":"2025-01-22T15:56:09","guid":{"rendered":"https:\/\/www.mixerpack.es\/mixer-pack-renforce-ses-efforts-sur-le-marche-americain\/"},"modified":"2025-05-21T12:13:02","modified_gmt":"2025-05-21T12:13:02","slug":"renforce-efforts-marche-americain","status":"publish","type":"post","link":"https:\/\/www.mixerpack.es\/fr\/renforce-efforts-marche-americain\/","title":{"rendered":"MIXER &#038; PACK RENFORCE SES EFFORTS SUR LE MARCH\u00c9 AM\u00c9RICAIN."},"content":{"rendered":"\n<p class=\"has-text-align-center\">Le concepteur, d\u00e9veloppeur et fabricant de parfums et d&rsquo;ar\u00f4mes pour des tiers lance son premier stand au salon COSMOPROF MIAMI, conform\u00e9ment \u00e0 son plan strat\u00e9gique d&rsquo;expansion des march\u00e9s.&#13;\n<\/p>\n\n<p><b><i>Mercredi, 22 janvier 2025 (Miami, Florida)<\/i><\/b><\/p>\n\n<p><b>Mixer &amp; Pack poursuit sa trajectoire de croissance et d&rsquo;internationalisation, cette fois-ci au salon de beaut\u00e9 le plus important au monde, \u00ab\u00a0COSMOPROF MIAMI\u00a0\u00bb, o\u00f9 il partage avec le secteur ses nouvelles avanc\u00e9es en mati\u00e8re d&rsquo;innovation, de design, de d\u00e9veloppement, de mat\u00e9riaux, de fabrication et d&rsquo;industrialisation de projets de parfumerie.<\/b><\/p>\n\n<p>Le stand, situ\u00e9 au BOOTH 1433 et regroup\u00e9 par ICEX en collaboration avec Stanpa sous le slogan \u00ab\u00a0Beauty from Spain\u00a0\u00bb, renforce l&rsquo;engagement de Mixer &amp; Pack en faveur de l&rsquo;innovation. Il cherchera \u00e0 susciter l&rsquo;int\u00e9r\u00eat des visiteurs du salon, principalement issus du march\u00e9 am\u00e9ricain, notamment des \u00c9tats-Unis en tant que pays h\u00f4te, ainsi que du Canada, du Mexique et de l&rsquo;ensemble du march\u00e9 latino-am\u00e9ricain.&#13;\n<\/p>\n\n<p>Le point fort de la participation de Mixer &amp; Pack \u00e0 Cosmoprof Miami sera la pr\u00e9sentation de son large \u00e9ventail de solutions durables et personnalis\u00e9es, con\u00e7ues pour r\u00e9pondre aux demandes croissantes du march\u00e9. Cette approche, ax\u00e9e sur l&rsquo;innovation et l&rsquo;adaptation aux besoins des marques internationales, vise \u00e0 susciter un grand int\u00e9r\u00eat parmi les visiteurs, mettant en avant le leadership de l&rsquo;entreprise dans l&rsquo;offre de produits de haute qualit\u00e9 alliant technologie avanc\u00e9e et respect de l&rsquo;environnement.&#13;\n<\/p>\n\n<p>Selon Fernando Hern\u00e1ndez, responsable du d\u00e9partement commercial de Mixer &amp; Pack : \u00ab\u00a0Nous sommes ravis que les leaders de la parfumerie du continent am\u00e9ricain et les amateurs de parfums aient l&rsquo;opportunit\u00e9 de d\u00e9couvrir de pr\u00e8s la qualit\u00e9 qui distingue Mixer &amp; Pack en tant que leader de l&rsquo;industrie.\u00a0\u00bb&#13;\n<\/p>\n\n<p>Mixer &amp; Pack pr\u00e9voit de continuer \u00e0 mettre en avant ses avanc\u00e9es lors de prochains salons, notamment \u00e0 la Foire Beauty Istanbul en Turquie et \u00e0 la Beauty World Middle East \u00e0 Duba\u00ef, respectivement en mai et en octobre.&#13;\n<\/p>\n<div class=\"wp-block-image\">\n<figure class=\"aligncenter size-large is-resized\"><img loading=\"lazy\" decoding=\"async\" width=\"1024\" height=\"768\" src=\"https:\/\/www.mixerpack.es\/wp-content\/uploads\/2025\/01\/shared-image-2-2-1024x768.jpg\" alt=\"feria cosmoprof miami\" class=\"wp-image-5906\" style=\"width:708px;height:auto\" srcset=\"https:\/\/www.mixerpack.es\/wp-content\/uploads\/2025\/01\/shared-image-2-2-1024x768.jpg 1024w, https:\/\/www.mixerpack.es\/wp-content\/uploads\/2025\/01\/shared-image-2-2-300x225.jpg 300w, https:\/\/www.mixerpack.es\/wp-content\/uploads\/2025\/01\/shared-image-2-2-768x576.jpg 768w, https:\/\/www.mixerpack.es\/wp-content\/uploads\/2025\/01\/shared-image-2-2-1536x1152.jpg 1536w, https:\/\/www.mixerpack.es\/wp-content\/uploads\/2025\/01\/shared-image-2-2.jpg 1600w\" sizes=\"auto, (max-width: 1024px) 100vw, 1024px\" \/><figcaption class=\"wp-element-caption\">Sur la photo, de gauche \u00e0 droite : Fernando Hern\u00e1ndez, Responsable du D\u00e9partement des Ventes, Eva Tudela, Responsable Grands Comptes, et Lorena Corbacho, Directrice du D\u00e9veloppement de Produits.<\/figcaption><\/figure>\n<\/div>\n<p><\/p>\n","protected":false},"excerpt":{"rendered":"<p>Le concepteur, d\u00e9veloppeur et fabricant de parfums et d&rsquo;ar\u00f4mes pour des tiers lance son premier stand au salon COSMOPROF MIAMI, conform\u00e9ment \u00e0 son plan strat\u00e9gique d&rsquo;expansion des march\u00e9s.&#13; Mercredi, 22 janvier 2025 (Miami, Florida) Mixer &amp; Pack poursuit sa trajectoire de croissance et d&rsquo;internationalisation, cette fois-ci au salon de beaut\u00e9 le plus important au monde, [&hellip;]<\/p>\n","protected":false},"author":2,"featured_media":5908,"comment_status":"open","ping_status":"open","sticky":false,"template":"","format":"standard","meta":{"footnotes":""},"categories":[44],"tags":[],"class_list":["post-6335","post","type-post","status-publish","format-standard","has-post-thumbnail","hentry","category-press-room-fr"],"_links":{"self":[{"href":"https:\/\/www.mixerpack.es\/fr\/wp-json\/wp\/v2\/posts\/6335","targetHints":{"allow":["GET"]}}],"collection":[{"href":"https:\/\/www.mixerpack.es\/fr\/wp-json\/wp\/v2\/posts"}],"about":[{"href":"https:\/\/www.mixerpack.es\/fr\/wp-json\/wp\/v2\/types\/post"}],"author":[{"embeddable":true,"href":"https:\/\/www.mixerpack.es\/fr\/wp-json\/wp\/v2\/users\/2"}],"replies":[{"embeddable":true,"href":"https:\/\/www.mixerpack.es\/fr\/wp-json\/wp\/v2\/comments?post=6335"}],"version-history":[{"count":1,"href":"https:\/\/www.mixerpack.es\/fr\/wp-json\/wp\/v2\/posts\/6335\/revisions"}],"predecessor-version":[{"id":6336,"href":"https:\/\/www.mixerpack.es\/fr\/wp-json\/wp\/v2\/posts\/6335\/revisions\/6336"}],"wp:featuredmedia":[{"embeddable":true,"href":"https:\/\/www.mixerpack.es\/fr\/wp-json\/wp\/v2\/media\/5908"}],"wp:attachment":[{"href":"https:\/\/www.mixerpack.es\/fr\/wp-json\/wp\/v2\/media?parent=6335"}],"wp:term":[{"taxonomy":"category","embeddable":true,"href":"https:\/\/www.mixerpack.es\/fr\/wp-json\/wp\/v2\/categories?post=6335"},{"taxonomy":"post_tag","embeddable":true,"href":"https:\/\/www.mixerpack.es\/fr\/wp-json\/wp\/v2\/tags?post=6335"}],"curies":[{"name":"wp","href":"https:\/\/api.w.org\/{rel}","templated":true}]}}