{"id":6333,"date":"2025-02-26T15:45:32","date_gmt":"2025-02-26T15:45:32","guid":{"rendered":"https:\/\/www.mixerpack.es\/mixer-pack-recompense-par-le-prix-aitex-de-linnovation-dans-lindustrie-cosmetique\/"},"modified":"2025-05-21T12:09:17","modified_gmt":"2025-05-21T12:09:17","slug":"recompense-prix-aitex-linnovation","status":"publish","type":"post","link":"https:\/\/www.mixerpack.es\/fr\/recompense-prix-aitex-linnovation\/","title":{"rendered":"MIXER &#038; PACK R\u00c9COMPENS\u00c9 PAR LE PRIX AITEX DE L&rsquo;INNOVATION DANS L&rsquo;INDUSTRIE COSM\u00c9TIQUE"},"content":{"rendered":"\n<p class=\"has-text-align-center\">Le designer, d\u00e9veloppeur et fabricant de parfumerie pour private label a re\u00e7u le deuxi\u00e8me prix AITEX dans la cat\u00e9gorie Innovation en Cosm\u00e9tique pour son projet \u00ab\u00a0Implantation de la r\u00e9alit\u00e9 mixte et de l&rsquo;intelligence artificielle dans toute la cha\u00eene de valeur de la fabrication de parfumerie\u00a0\u00bb. Le prix sera fait don \u00e0 la Croix-Rouge de Valence par le fabricant.<\/p>\n\n<p><em><strong>Mardi, 25 f\u00e9vrier 2025 (Alcoy, Alicante)<\/strong><\/em><\/p>\n\n<p><b>Mixer &amp; Pack a \u00e9t\u00e9 r\u00e9compens\u00e9 par le prestigieux prix AITEX dans la cat\u00e9gorie Innovation en Cosm\u00e9tique, une reconnaissance de son engagement en faveur de la recherche et du d\u00e9veloppement de solutions innovantes en parfumerie. Le prix met en avant son projet \u00ab\u00a0Implantation de la r\u00e9alit\u00e9 mixte et de l&rsquo;intelligence artificielle dans toute la cha\u00eene de valeur de la fabrication de parfumerie\u00a0\u00bb, r\u00e9affirmant ainsi sa position de leader dans le secteur. De plus, dans un geste solidaire, l&rsquo;entreprise a d\u00e9cid\u00e9 de faire don du montant du prix, d&rsquo;une valeur de 10 000 \u20ac, \u00e0 la Croix-Rouge de Valence pour contribuer \u00e0 la r\u00e9cup\u00e9ration des dommages caus\u00e9s par la DANA.<\/b><\/p>\n\n<p>La c\u00e9r\u00e9monie des Prix Entreprise AITEX 2025, qui s&rsquo;est tenue aujourd&rsquo;hui \u00e0 Alcoy, a r\u00e9uni des personnalit\u00e9s de premier plan du secteur pour reconna\u00eetre le talent et l&rsquo;innovation dans l&rsquo;industrie cosm\u00e9tique et textile. Lors de cette \u00e9dition, Mixer &amp; Pack a remport\u00e9 le deuxi\u00e8me prix dans la cat\u00e9gorie Innovation en Cosm\u00e9tique, consolidant ainsi sa position en tant que leader du secteur.<\/p>\n\n<p>Le prix a \u00e9t\u00e9 d\u00e9cern\u00e9 pour son projet \u00ab\u00a0Implantation de la r\u00e9alit\u00e9 mixte et de l&rsquo;intelligence artificielle dans toute la cha\u00eene de valeur de la fabrication de parfumerie\u00a0\u00bb, une initiative qui a permis d&rsquo;optimiser les processus, d&rsquo;am\u00e9liorer l&rsquo;efficacit\u00e9 et de renforcer la capacit\u00e9 d&rsquo;adaptation de l&rsquo;entreprise \u00e0 un march\u00e9 en constante \u00e9volution.<\/p>\n\n<p>Lorenzo Garc\u00eda, directeur des op\u00e9rations de Mixer &amp; Pack, a re\u00e7u le prix au nom de l&rsquo;entreprise, soulignant l&rsquo;effort de toute l&rsquo;\u00e9quipe dans le d\u00e9veloppement de solutions innovantes.<\/p>\n<div class=\"wp-block-image\">\n<figure class=\"aligncenter size-large is-resized\"><img loading=\"lazy\" decoding=\"async\" width=\"1024\" height=\"768\" src=\"https:\/\/www.mixerpack.es\/wp-content\/uploads\/2025\/02\/shared-image-4-1-1024x768.jpg\" alt=\"\" class=\"wp-image-5988\" style=\"width:614px;height:auto\" srcset=\"https:\/\/www.mixerpack.es\/wp-content\/uploads\/2025\/02\/shared-image-4-1-1024x768.jpg 1024w, https:\/\/www.mixerpack.es\/wp-content\/uploads\/2025\/02\/shared-image-4-1-300x225.jpg 300w, https:\/\/www.mixerpack.es\/wp-content\/uploads\/2025\/02\/shared-image-4-1-768x576.jpg 768w, https:\/\/www.mixerpack.es\/wp-content\/uploads\/2025\/02\/shared-image-4-1-1536x1152.jpg 1536w, https:\/\/www.mixerpack.es\/wp-content\/uploads\/2025\/02\/shared-image-4-1.jpg 2048w\" sizes=\"auto, (max-width: 1024px) 100vw, 1024px\" \/><\/figure>\n<\/div>\n<h2 class=\"wp-block-heading\">Un engagement envers l&rsquo;innovation et le d\u00e9veloppement du secteur<\/h2>\n\n<p>Lors de son intervention, Lorenzo Garc\u00eda a soulign\u00e9 le r\u00f4le cl\u00e9 de l&rsquo;innovation dans la strat\u00e9gie de Mixer &amp; Pack :&#13;\n<\/p>\n\n<p>\u00ab\u00a0Chez Mixer &amp; Pack, l&rsquo;innovation est l&rsquo;un de nos piliers fondamentaux. En tant que leaders dans la fabrication de parfumerie pour des tiers, nous croyons que prendre de l&rsquo;avance sur les tendances et investir dans de nouvelles technologies ne renforce pas seulement notre croissance, mais stimule \u00e9galement l&rsquo;ensemble du secteur. Ce prix est le reflet des efforts et de l&rsquo;engagement de toute notre \u00e9quipe et nous motive \u00e0 continuer \u00e0 mettre en place des actions visant \u00e0 am\u00e9liorer nos processus, tout en produisant des produits de haute qualit\u00e9 ayant un impact positif sur le march\u00e9.\u00a0\u00bb&#13;\n<\/p>\n\n<p>La reconnaissance d\u00e9cern\u00e9e par AITEX renforce la position de Mixer &amp; Pack en tant qu&rsquo;entreprise \u00e0 la pointe de l&rsquo;innovation en parfumerie, int\u00e9grant des technologies de pointe pour am\u00e9liorer ses processus et ses produits.&#13;\n<\/p>\n\n<h2 class=\"wp-block-heading\">Un geste solidaire en faveur de la Croix-Rouge de Valence<\/h2>\n\n<p>Au-del\u00e0 de l&rsquo;innovation, Mixer &amp; Pack r\u00e9affirme \u00e9galement son engagement envers la responsabilit\u00e9 sociale. Dans un geste solidaire, l&rsquo;entreprise a d\u00e9cid\u00e9 de faire don du montant du prix \u00e0 la Croix-Rouge de Valence pour contribuer \u00e0 la r\u00e9cup\u00e9ration des effets caus\u00e9s par la DANA.&#13;\n<\/p>\n\n<p>\u00ab\u00a0Nous croyons que l&rsquo;innovation doit aller de pair avec la responsabilit\u00e9 sociale, et c&rsquo;est notre petite contribution pour aider ceux qui en ont le plus besoin\u00a0\u00bb, a conclu Lorenzo Garc\u00eda dans son discours de remerciement.&#13;\n<\/p>\n\n<p>Avec cette reconnaissance, Mixer &amp; Pack continue de renforcer son r\u00f4le en tant que leader du secteur, alliant innovation, engagement social et excellence dans la fabrication de parfumerie.&#13;\n<\/p>\n\n<h2 class=\"wp-block-heading\">AITEX : Stimuler l&rsquo;innovation dans le secteur<\/h2>\n\n<p>Depuis sa cr\u00e9ation en 2018, les Prix Entreprises AITEX ont pour objectif de stimuler la dynamisation du tissu entrepreneurial, en encourageant la comp\u00e9titivit\u00e9 et en impulsant la croissance industrielle. Avec des cat\u00e9gories qui reconnaissent l&rsquo;innovation, la durabilit\u00e9 et la recherche, ces distinctions se sont impos\u00e9es comme un r\u00e9f\u00e9rent dans l&rsquo;industrie, mettant en avant les entreprises qui parient sur le d\u00e9veloppement et la transformation du secteu.&#13;\n<\/p>\n\n<p>Dans ce contexte, le prix d\u00e9cern\u00e9 \u00e0 Mixer &amp; Pack souligne l&rsquo;impact de ses avanc\u00e9es technologiques dans la fabrication de parfumerie, r\u00e9affirmant ainsi son engagement envers l&rsquo;excellence et l&rsquo;\u00e9volution du march\u00e9.&#13;\n<\/p>\n<div class=\"wp-block-image\">\n<figure class=\"aligncenter size-large is-resized\"><img loading=\"lazy\" decoding=\"async\" width=\"1024\" height=\"768\" src=\"https:\/\/www.mixerpack.es\/wp-content\/uploads\/2025\/02\/shared-image-4-1024x768.jpg\" alt=\"\" class=\"wp-image-5982\" style=\"width:624px;height:auto\" srcset=\"https:\/\/www.mixerpack.es\/wp-content\/uploads\/2025\/02\/shared-image-4-1024x768.jpg 1024w, https:\/\/www.mixerpack.es\/wp-content\/uploads\/2025\/02\/shared-image-4-300x225.jpg 300w, https:\/\/www.mixerpack.es\/wp-content\/uploads\/2025\/02\/shared-image-4-768x576.jpg 768w, https:\/\/www.mixerpack.es\/wp-content\/uploads\/2025\/02\/shared-image-4-1536x1152.jpg 1536w, https:\/\/www.mixerpack.es\/wp-content\/uploads\/2025\/02\/shared-image-4.jpg 2048w\" sizes=\"auto, (max-width: 1024px) 100vw, 1024px\" \/><figcaption class=\"wp-element-caption\">De gauche \u00e0 droite : Javier Aguilera, Directeur G\u00e9n\u00e9ral, Lorenzo Garc\u00eda, Directeur des Op\u00e9rations et Rodolfo G\u00f3mez, Directeur des Achats, recevant le deuxi\u00e8me prix des Prix Entreprises AITEX.&#13;\n<\/figcaption><\/figure>\n<\/div>","protected":false},"excerpt":{"rendered":"<p>Le designer, d\u00e9veloppeur et fabricant de parfumerie pour private label a re\u00e7u le deuxi\u00e8me prix AITEX dans la cat\u00e9gorie Innovation en Cosm\u00e9tique pour son projet \u00ab\u00a0Implantation de la r\u00e9alit\u00e9 mixte et de l&rsquo;intelligence artificielle dans toute la cha\u00eene de valeur de la fabrication de parfumerie\u00a0\u00bb. Le prix sera fait don \u00e0 la Croix-Rouge de Valence [&hellip;]<\/p>\n","protected":false},"author":2,"featured_media":5986,"comment_status":"open","ping_status":"open","sticky":false,"template":"","format":"standard","meta":{"footnotes":""},"categories":[44,47],"tags":[],"class_list":["post-6333","post","type-post","status-publish","format-standard","has-post-thumbnail","hentry","category-press-room-fr","category-developpement-durable-fr"],"_links":{"self":[{"href":"https:\/\/www.mixerpack.es\/fr\/wp-json\/wp\/v2\/posts\/6333","targetHints":{"allow":["GET"]}}],"collection":[{"href":"https:\/\/www.mixerpack.es\/fr\/wp-json\/wp\/v2\/posts"}],"about":[{"href":"https:\/\/www.mixerpack.es\/fr\/wp-json\/wp\/v2\/types\/post"}],"author":[{"embeddable":true,"href":"https:\/\/www.mixerpack.es\/fr\/wp-json\/wp\/v2\/users\/2"}],"replies":[{"embeddable":true,"href":"https:\/\/www.mixerpack.es\/fr\/wp-json\/wp\/v2\/comments?post=6333"}],"version-history":[{"count":1,"href":"https:\/\/www.mixerpack.es\/fr\/wp-json\/wp\/v2\/posts\/6333\/revisions"}],"predecessor-version":[{"id":6334,"href":"https:\/\/www.mixerpack.es\/fr\/wp-json\/wp\/v2\/posts\/6333\/revisions\/6334"}],"wp:featuredmedia":[{"embeddable":true,"href":"https:\/\/www.mixerpack.es\/fr\/wp-json\/wp\/v2\/media\/5986"}],"wp:attachment":[{"href":"https:\/\/www.mixerpack.es\/fr\/wp-json\/wp\/v2\/media?parent=6333"}],"wp:term":[{"taxonomy":"category","embeddable":true,"href":"https:\/\/www.mixerpack.es\/fr\/wp-json\/wp\/v2\/categories?post=6333"},{"taxonomy":"post_tag","embeddable":true,"href":"https:\/\/www.mixerpack.es\/fr\/wp-json\/wp\/v2\/tags?post=6333"}],"curies":[{"name":"wp","href":"https:\/\/api.w.org\/{rel}","templated":true}]}}