{"id":6327,"date":"2025-02-25T15:53:53","date_gmt":"2025-02-25T15:53:53","guid":{"rendered":"https:\/\/www.mixerpack.es\/mixer-pack-recoit-la-conseillere-a-legalite-de-castille-la-manche\/"},"modified":"2025-05-14T16:09:58","modified_gmt":"2025-05-14T16:09:58","slug":"mixer-pack-recoit-la-conseillere-a-legalite-de-castille-la-manche","status":"publish","type":"post","link":"https:\/\/www.mixerpack.es\/fr\/mixer-pack-recoit-la-conseillere-a-legalite-de-castille-la-manche\/","title":{"rendered":"MIXER &amp; PACK RE\u00c7OIT LA CONSEILL\u00c8RE \u00c0 L&#39;\u00c9GALIT\u00c9 DE CASTILLE-LA-MANCHE"},"content":{"rendered":"\n<p class=\"has-text-align-center\">Sara Sim\u00f3n Alcorlo, Conseill\u00e8re \u00e0 l&rsquo;\u00c9galit\u00e9 de Castille-La-Manche,&#13;\naccompagn\u00e9e de repr\u00e9sentants de ce domaine de la Mairie de Cabanillas del Campo ainsi que de la d\u00e9l\u00e9gation de Castille-La-Manche \u00e0 Guadalajara, a visit\u00e9 le fabricant de parfumerie et de produits d&rsquo;ambiance pour marques blanches afin de d\u00e9couvrir ses progr\u00e8s dans les domaines de l&rsquo;\u00e9galit\u00e9, de l&rsquo;int\u00e9gration et de la diversit\u00e9.<\/p>\n\n<p><em><strong>Lundi, 24 f\u00e9vrier 2025 (Cabanillas del Campo, Guadalajara)<\/strong><\/em><\/p>\n\n<p><strong>Des repr\u00e9sentants cl\u00e9s en mati\u00e8re d&amp;#39;\u00e9galit\u00e9, d&amp;#39;int\u00e9gration et de diversit\u00e9 de la JCCM, accompagn\u00e9s des autorit\u00e9s provinciales et locales, ont pu d\u00e9couvrir de premi\u00e8re main le plan d&amp;#39;\u00e9galit\u00e9 de Mixer &amp;amp; Pack. Lors de la rencontre, l&amp;#39;\u00e9quipe des Ressources Humaines de l&amp;#39;entreprise et son comit\u00e9 d&amp;#39;\u00e9galit\u00e9 ont pr\u00e9sent\u00e9 les actions mises en place dans ces domaines.<\/strong><\/p>\n\n<p>La journ\u00e9e a commenc\u00e9 par une pr\u00e9sentation au cours de laquelle Mixer &amp; Pack a partag\u00e9 des informations sur sa croissance, sa projection internationale et son engagement en faveur de l&rsquo;excellence dans la production. Pendant l&rsquo;expos\u00e9, l&rsquo;entreprise a d\u00e9taill\u00e9 ses politiques d&rsquo;inclusion, ses actions en faveur du d\u00e9veloppement professionnel des femmes dans le secteur ainsi que ses initiatives&#13;\nenvironnementales, align\u00e9es avec le bien-\u00eatre social et le d\u00e9veloppement durable de la r\u00e9gion.<\/p>\n\n<p>Dans ce contexte, l&rsquo;entreprise a accueilli Sara Sim\u00f3n Alcorlo, conseill\u00e8re \u00e0 l&rsquo;\u00c9galit\u00e9 de Castille-La Manche, qui \u00e9tait accompagn\u00e9e de Laura Gil Pascual, d\u00e9l\u00e9gu\u00e9e \u00e0 l&rsquo;\u00c9galit\u00e9 \u00e0 Guadalajara, ainsi que de repr\u00e9sentants de la Mairie de Cabanillas del Campo : Luis Blanco \u00c1lvarez, premier adjoint au maire, Abigail Cordero Gavi\u00f1o, conseill\u00e8re \u00e0 l&rsquo;\u00c9galit\u00e9 et \u00e0 l&rsquo;Emploi, et Javier In\u00e9s Serrano, conseiller \u00e0 la S\u00e9curit\u00e9, \u00e0 la Circulation et aux Transports.<\/p>\n\n<p>Lors de la rencontre, Mixer &amp; Pack a pr\u00e9sent\u00e9 son engagement ferme en faveur de l&rsquo;\u00e9galit\u00e9 des genres, de l&rsquo;int\u00e9gration sociale et de la responsabilit\u00e9 soci\u00e9tale des entreprises. L&rsquo;entreprise a mis en avant son caract\u00e8re en tant qu&rsquo;entreprise dirig\u00e9e par des femmes, avec 75 % de son personnel compos\u00e9 de collaboratrices, se consolidant ainsi comme un mod\u00e8le dans le secteur en mati\u00e8re d&rsquo;\u00e9quit\u00e9 et de d\u00e9veloppement professionnel f\u00e9minin.<\/p>\n\n<p>De plus, l&rsquo;entreprise, avec son Comit\u00e9 d&rsquo;\u00c9galit\u00e9, a partag\u00e9 le succ\u00e8s de la signature, de mani\u00e8re fluide, dynamique et constructive, de son deuxi\u00e8me Plan d&rsquo;\u00c9galit\u00e9, renfor\u00e7ant ainsi son engagement \u00e0 cr\u00e9er un environnement de travail plus inclusif et \u00e9quitable. Cette r\u00e9ussite positionne Mixer &amp; Pack comme un exemple remarquable de dialogue social, d\u00e9montrant l&rsquo;importance du travail conjoint entre l&rsquo;entreprise et les institutions pour promouvoir l&rsquo;\u00e9galit\u00e9.<\/p>\n\n<p>Dans le domaine de l&rsquo;int\u00e9gration, l&rsquo;entreprise a soulign\u00e9 ses collaborations avec diverses entit\u00e9s sociales pour faciliter l&rsquo;insertion professionnelle des groupes \u00e0 risque d&rsquo;exclusion. Gr\u00e2ce \u00e0 son partenariat avec la Fondation CEOE, elle a encourag\u00e9 l&#8217;embauche de personnes en risque de pauvret\u00e9 en raison de leur incapacit\u00e9 \u00e0&#13;\natteindre le revenu minimum. De plus, en collaboration avec Ilunion, elle a favoris\u00e9 l&rsquo;insertion professionnelle d&rsquo;environ 200 personnes en situation de handicap psychique, physique et\/ou sensoriel. Avec la Fondation Croix-Rouge, l&rsquo;entreprise a soutenu l&rsquo;insertion professionnelle de personnes en risque d&rsquo;exclusion sociale en raison de facteurs tels que la religion, l&rsquo;orientation sexuelle ou la race. Enfin, son travail avec Madintegra a permis de promouvoir l&#8217;employabilit\u00e9 de personnes en situation de handicap psychique, physique et\/ou sensoriel, renfor\u00e7ant ainsi son engagement envers la diversit\u00e9 et l&rsquo;\u00e9galit\u00e9 des chances.<\/p>\n\n<p>La visite s&rsquo;est conclue par une tourn\u00e9e des installations de l&rsquo;entreprise, o\u00f9 la conseill\u00e8re et son \u00e9quipe ont pu d\u00e9couvrir de pr\u00e8s les processus de production et les technologies qui ont fait de Mixer &amp; Pack un leader du secteur. Lors de la visite, les actions entreprises en mati\u00e8re de durabilit\u00e9 et de responsabilit\u00e9 sociale ont \u00e9t\u00e9 mises en valeur, des aspects qui sont en ad\u00e9quation avec les objectifs strat\u00e9giques promus par la Junta.<\/p>\n<div class=\"wp-block-image\">\n<figure class=\"aligncenter size-large\"><img loading=\"lazy\" decoding=\"async\" width=\"1024\" height=\"683\" src=\"https:\/\/www.mixerpack.es\/wp-content\/uploads\/2025\/02\/Visita-Consejeria-1-1-1024x683.jpg\" alt=\"\" class=\"wp-image-5974\" srcset=\"https:\/\/www.mixerpack.es\/wp-content\/uploads\/2025\/02\/Visita-Consejeria-1-1-1024x683.jpg 1024w, https:\/\/www.mixerpack.es\/wp-content\/uploads\/2025\/02\/Visita-Consejeria-1-1-300x200.jpg 300w, https:\/\/www.mixerpack.es\/wp-content\/uploads\/2025\/02\/Visita-Consejeria-1-1-768x512.jpg 768w, https:\/\/www.mixerpack.es\/wp-content\/uploads\/2025\/02\/Visita-Consejeria-1-1-1536x1024.jpg 1536w, https:\/\/www.mixerpack.es\/wp-content\/uploads\/2025\/02\/Visita-Consejeria-1-1-2048x1365.jpg 2048w\" sizes=\"auto, (max-width: 1024px) 100vw, 1024px\" \/><figcaption class=\"wp-element-caption\">Sur l&amp;#39;image, de gauche \u00e0 droite : Abigail Cordero, conseill\u00e8re \u00e0 l&amp;#39;Emploi de Cabanillas del Campo, Luis Blanco, conseiller aux Services sociaux et \u00e0 l&amp;#39;\u00c9galit\u00e9 de Cabanillas del Campo, Agust\u00edn G\u00f3mez, pr\u00e9sident de Mixer &amp;amp; Pack, Carolina G\u00f3mez, conseill\u00e8re de Mixer &amp;amp; Pack, Sara Sim\u00f3n, conseill\u00e8re \u00e0 l&amp;#39;\u00c9galit\u00e9 de la JCCM, Javier Aguilera, directeur g\u00e9n\u00e9ral de Mixer &amp;amp; Pack,&#13;\nLaura Gil, d\u00e9l\u00e9gu\u00e9e \u00e0 l&amp;#39;\u00c9galit\u00e9 \u00e0 Guadalajara et Javier In\u00e9s, conseiller \u00e0 la S\u00e9curit\u00e9, \u00e0 la Circulation et aux Transports de Cabanillas del Campo.<\/figcaption><\/figure>\n<\/div>\n<p><\/p>\n","protected":false},"excerpt":{"rendered":"<p>Sara Sim\u00f3n Alcorlo, Conseill\u00e8re \u00e0 l&rsquo;\u00c9galit\u00e9 de Castille-La-Manche,&#13; accompagn\u00e9e de repr\u00e9sentants de ce domaine de la Mairie de Cabanillas del Campo ainsi que de la d\u00e9l\u00e9gation de Castille-La-Manche \u00e0 Guadalajara, a visit\u00e9 le fabricant de parfumerie et de produits d&rsquo;ambiance pour marques blanches afin de d\u00e9couvrir ses progr\u00e8s dans les domaines de l&rsquo;\u00e9galit\u00e9, de l&rsquo;int\u00e9gration [&hellip;]<\/p>\n","protected":false},"author":2,"featured_media":5979,"comment_status":"open","ping_status":"open","sticky":false,"template":"","format":"standard","meta":{"footnotes":""},"categories":[44,46,1],"tags":[],"class_list":["post-6327","post","type-post","status-publish","format-standard","has-post-thumbnail","hentry","category-press-room-fr","category-rse","category-sin-categorizar"],"_links":{"self":[{"href":"https:\/\/www.mixerpack.es\/fr\/wp-json\/wp\/v2\/posts\/6327","targetHints":{"allow":["GET"]}}],"collection":[{"href":"https:\/\/www.mixerpack.es\/fr\/wp-json\/wp\/v2\/posts"}],"about":[{"href":"https:\/\/www.mixerpack.es\/fr\/wp-json\/wp\/v2\/types\/post"}],"author":[{"embeddable":true,"href":"https:\/\/www.mixerpack.es\/fr\/wp-json\/wp\/v2\/users\/2"}],"replies":[{"embeddable":true,"href":"https:\/\/www.mixerpack.es\/fr\/wp-json\/wp\/v2\/comments?post=6327"}],"version-history":[{"count":1,"href":"https:\/\/www.mixerpack.es\/fr\/wp-json\/wp\/v2\/posts\/6327\/revisions"}],"predecessor-version":[{"id":6328,"href":"https:\/\/www.mixerpack.es\/fr\/wp-json\/wp\/v2\/posts\/6327\/revisions\/6328"}],"wp:featuredmedia":[{"embeddable":true,"href":"https:\/\/www.mixerpack.es\/fr\/wp-json\/wp\/v2\/media\/5979"}],"wp:attachment":[{"href":"https:\/\/www.mixerpack.es\/fr\/wp-json\/wp\/v2\/media?parent=6327"}],"wp:term":[{"taxonomy":"category","embeddable":true,"href":"https:\/\/www.mixerpack.es\/fr\/wp-json\/wp\/v2\/categories?post=6327"},{"taxonomy":"post_tag","embeddable":true,"href":"https:\/\/www.mixerpack.es\/fr\/wp-json\/wp\/v2\/tags?post=6327"}],"curies":[{"name":"wp","href":"https:\/\/api.w.org\/{rel}","templated":true}]}}