{"id":6156,"date":"2025-03-21T11:59:06","date_gmt":"2025-03-21T11:59:06","guid":{"rendered":"https:\/\/www.mixerpack.es\/mixer-pack-reaffirme-sa-leadership-dans-le-developpement-de-la-parfumerie-europeenne\/"},"modified":"2025-03-21T12:11:41","modified_gmt":"2025-03-21T12:11:41","slug":"feria-bolonia-2025","status":"publish","type":"post","link":"https:\/\/www.mixerpack.es\/fr\/feria-bolonia-2025\/","title":{"rendered":"MIXER &amp; PACK REAFFIRME SA LEADERSHIP DANS LE D\u00c9VELOPPEMENT DE LA PARFUMERIE  EUROP\u00c9ENNE"},"content":{"rendered":"\n<p><em>Le fabricant de parfumerie pour marque blanche pr\u00e9sente ses derni\u00e8res innovations dans le domaine de la fabrication et de la durabilit\u00e9 dans la conception d l&amp;#39;emballage.<\/em><\/p>\n\n\n\n<p><strong>20 mars 2025 (Bologne, Italie)<\/strong><\/p>\n\n\n\n<p><strong>Cosmoprof Bologne, consid\u00e9r\u00e9 comme l&amp;#39;un des \u00e9v\u00e9nements les plus importants du secteur de la beaut\u00e9 et de la cosm\u00e9tique, a servi de sc\u00e8ne pour que Mixer &amp;amp; Pack pr\u00e9sente ses derni\u00e8res avanc\u00e9es en innovation, durabilit\u00e9 et d\u00e9veloppement de parfums sur mesure. L&amp;#39;entreprise s&amp;#39;est distingu\u00e9e par sa capacit\u00e9 d&amp;#39;adaptation aux tendances du march\u00e9 et son engagement ferme en faveur de la qualit\u00e9 et de l&amp;#39;excellence.<\/strong><\/p>\n\n\n\n<p>Pendant le salon, le fabricant de parfumerie pour marque blanche et marques de distribution a \u00e9tabli des partenariats strat\u00e9giques avec des marques internationales, consolidant sa pr\u00e9sence sur les march\u00e9s cl\u00e9s et \u00e9largissant son r\u00e9seau de collaborations. De plus, il a d\u00e9montr\u00e9 son leadership dans les formulations durables, r\u00e9pondant \u00e0 la demande croissante de produits respectueux de l&rsquo;environnement.<\/p>\n\n\n\n<p>La pr\u00e9sence du concepteur, d\u00e9veloppeur et fabricant de parfumerie et de parfums d\u2019ambiance pour marque blanche \u00e0 cette \u00e9dition de Cosmoprof renforce sa strat\u00e9gie de croissance et son engagement en faveur de la recherche et du d\u00e9veloppement de nouvelles solutions olfactives. L&rsquo;entreprise continuera de travailler \u00e0 la cr\u00e9ation de parfums innovants qui r\u00e9pondent aux besoins de ses clients et consommateurs \u00e0\r\ntravers le monde.<\/p>\n\n\n\n<p>\u00ab\u00a0Notre participation \u00e0 Cosmoprof Bologne 2025 a \u00e9t\u00e9 une opportunit\u00e9\r\nexceptionnelle pour d\u00e9montrer notre capacit\u00e9 d&rsquo;adaptation aux diff\u00e9rents besoins de nos clients et r\u00e9affirmer notre position dans l&rsquo;industrie mondiale de la parfumerie. Nous sommes engag\u00e9s dans le d\u00e9veloppement de parfums qui allient cr\u00e9ativit\u00e9, innovation et durabilit\u00e9\u00a0\u00bb, a soulign\u00e9 Javier Aguilera, Directeur G\u00e9n\u00e9ral de Mixer &amp; Pack.<\/p>\n\n\n<div class=\"wp-block-image\">\n<figure class=\"aligncenter size-full is-resized\"><img loading=\"lazy\" decoding=\"async\" width=\"655\" height=\"600\" src=\"https:\/\/www.mixerpack.es\/wp-content\/uploads\/2025\/03\/shared-image-7.jpg\" alt=\"\" class=\"wp-image-6148\" style=\"width:757px;height:auto\" srcset=\"https:\/\/www.mixerpack.es\/wp-content\/uploads\/2025\/03\/shared-image-7.jpg 655w, https:\/\/www.mixerpack.es\/wp-content\/uploads\/2025\/03\/shared-image-7-300x275.jpg 300w\" sizes=\"auto, (max-width: 655px) 100vw, 655px\" \/><figcaption class=\"wp-element-caption\">Sur la photo, de gauche \u00e0 droite : Luis Miguel Guzm\u00e1n, D\u00e9veloppeur d&rsquo;Emballage, Javier Aguilera, Directeur G\u00e9n\u00e9ral, Rodolfo G\u00f3mez, Directeur des Achats, Fernando Hern\u00e1ndez, Responsable du D\u00e9partement Commercial, et Lorena Corbacho, Directrice du Business Development.<\/figcaption><\/figure>\n<\/div>","protected":false},"excerpt":{"rendered":"<p>Le fabricant de parfumerie pour marque blanche pr\u00e9sente ses derni\u00e8res innovations dans le domaine de la fabrication et de la durabilit\u00e9 dans la conception d l&amp;#39;emballage. 20 mars 2025 (Bologne, Italie) Cosmoprof Bologne, consid\u00e9r\u00e9 comme l&amp;#39;un des \u00e9v\u00e9nements les plus importants du secteur de la beaut\u00e9 et de la cosm\u00e9tique, a servi de sc\u00e8ne pour [&hellip;]<\/p>\n","protected":false},"author":2,"featured_media":6150,"comment_status":"open","ping_status":"open","sticky":false,"template":"","format":"standard","meta":{"footnotes":""},"categories":[1,44],"tags":[],"class_list":["post-6156","post","type-post","status-publish","format-standard","has-post-thumbnail","hentry","category-sin-categorizar","category-press-room-fr"],"_links":{"self":[{"href":"https:\/\/www.mixerpack.es\/fr\/wp-json\/wp\/v2\/posts\/6156","targetHints":{"allow":["GET"]}}],"collection":[{"href":"https:\/\/www.mixerpack.es\/fr\/wp-json\/wp\/v2\/posts"}],"about":[{"href":"https:\/\/www.mixerpack.es\/fr\/wp-json\/wp\/v2\/types\/post"}],"author":[{"embeddable":true,"href":"https:\/\/www.mixerpack.es\/fr\/wp-json\/wp\/v2\/users\/2"}],"replies":[{"embeddable":true,"href":"https:\/\/www.mixerpack.es\/fr\/wp-json\/wp\/v2\/comments?post=6156"}],"version-history":[{"count":2,"href":"https:\/\/www.mixerpack.es\/fr\/wp-json\/wp\/v2\/posts\/6156\/revisions"}],"predecessor-version":[{"id":6158,"href":"https:\/\/www.mixerpack.es\/fr\/wp-json\/wp\/v2\/posts\/6156\/revisions\/6158"}],"wp:featuredmedia":[{"embeddable":true,"href":"https:\/\/www.mixerpack.es\/fr\/wp-json\/wp\/v2\/media\/6150"}],"wp:attachment":[{"href":"https:\/\/www.mixerpack.es\/fr\/wp-json\/wp\/v2\/media?parent=6156"}],"wp:term":[{"taxonomy":"category","embeddable":true,"href":"https:\/\/www.mixerpack.es\/fr\/wp-json\/wp\/v2\/categories?post=6156"},{"taxonomy":"post_tag","embeddable":true,"href":"https:\/\/www.mixerpack.es\/fr\/wp-json\/wp\/v2\/tags?post=6156"}],"curies":[{"name":"wp","href":"https:\/\/api.w.org\/{rel}","templated":true}]}}