{"id":5994,"date":"2024-12-11T10:25:01","date_gmt":"2024-12-11T10:25:01","guid":{"rendered":"https:\/\/www.mixerpack.es\/parfums-dhiver-preferes-quelle-est-lodeur-de-lhiver\/"},"modified":"2025-02-27T15:29:27","modified_gmt":"2025-02-27T15:29:27","slug":"parfums-dhiver-preferes","status":"publish","type":"post","link":"https:\/\/www.mixerpack.es\/fr\/parfums-dhiver-preferes\/","title":{"rendered":"Parfums d&rsquo;hiver pr\u00e9f\u00e9r\u00e9s. Quelle est l&rsquo;odeur de l&rsquo;hiver?"},"content":{"rendered":"\n<p>L&rsquo;hiver est une saison attachante qui \u00e9veille en nous la nostalgie de la maison et de ses ar\u00f4mes uniques. Il fait de plus en plus froid, les jours raccourcissent et nos parfums sont un moyen id\u00e9al d&rsquo;accompagner l&rsquo;atmosph\u00e8re chaleureuse que cette p\u00e9riode de l&rsquo;ann\u00e9e nous apporte. Nuits au coin du feu, g\u00e2teaux et chocolat chaud, No\u00ebl en famille&#8230; Un parfum est capable de transmettre des souvenirs, des sensations et l&rsquo;essence d&rsquo;une saison dans un petit flacon.<\/p>\n\n<p>Dans l&rsquo;article suivant, de <strong>Mixer &amp; Pack<\/strong>, nous vous guidons \u00e0 travers ces senteurs qui nous captivent et vous pr\u00e9sentons quelques-uns de nos <strong>parfums d&rsquo;hiver<\/strong> pr\u00e9f\u00e9r\u00e9s pour vous accompagner cette saison.<\/p>\n\n<h2 class=\"wp-block-heading\">Quelles odeurs associe-t-on \u00e0 l&rsquo;hiver?<\/h2>\n\n<p>Lorsque nous pensons \u00e0 l&rsquo;hiver, des images de for\u00eats enneig\u00e9es, de chemin\u00e9es allum\u00e9es, de biscuits r\u00e9cemment sortis du four, de lumi\u00e8res de No\u00ebl et de couvertures confortables nous viennent automatiquement \u00e0 l&rsquo;esprit. L&rsquo;hiver a une palette olfactive tr\u00e8s diff\u00e9rente de celle du reste des saisons, qui nous transporte vers des moments cosy et festifs. Les parfums que nous associons \u00e0 l&rsquo;hiver transmettent g\u00e9n\u00e9ralement la chaleur et le confort que nous recherchons par rapport au froid ext\u00e9rieur, c&rsquo;est pourquoi en g\u00e9n\u00e9ral des parfums plus intenses, sucr\u00e9s et \u00e9pic\u00e9s sont g\u00e9n\u00e9ralement utilis\u00e9s. Certaines des notes que nous aimons le plus inclure dans les parfums d&rsquo;hiver sont:<\/p>\n\n<h3 class=\"wp-block-heading\">Notes sucr\u00e9es: vanille, noix de coco, caramel, ch\u00e2taignes et chocolat<\/h3>\n\n<p>L&rsquo;ar\u00f4me sucr\u00e9 de ces \u00e9l\u00e9ments est tr\u00e8s courant dans tout parfum d&rsquo;hiver, car ils nous enveloppent dans une atmosph\u00e8re chaleureuse qui nous r\u00e9conforte et nous ram\u00e8ne au sentiment d&rsquo;\u00eatre chez nous. Ce sont des notes avec une touche \u00e9vocatrice de l&rsquo;enfance, mais avec beaucoup de personnalit\u00e9 : chocolat, caramel, noix de coco, vanille&#8230;<\/p>\n\n<h3 class=\"wp-block-heading\">Notes bois\u00e9es et \u00e9pic\u00e9es : cannelle, gingembre et c\u00e8dre<\/h3>\n\n<p>Certaines \u00e9pices comme la cannelle, le gingembre ou l&rsquo;anis sont les principaux protagonistes de No\u00ebl. Lorsqu&rsquo;ils sont combin\u00e9s avec des ar\u00f4mes bois\u00e9s tels que le c\u00e8dre ou le bois de santal, ils parviennent \u00e0 r\u00e9veiller l&rsquo;image de chemin\u00e9es allum\u00e9es dans lesquelles r\u00e9chauffer nos chaussettes tout en d\u00e9gustant notre bonbon de No\u00ebl pr\u00e9f\u00e9r\u00e9. Bien s\u00fbr, il ne faut pas oublier l&rsquo;odeur principale de l&rsquo;hiver, le pin, qui nous transporte dans les for\u00eats enneig\u00e9es et les arbres d\u00e9cor\u00e9s de lumi\u00e8res, tout en apportant une touche de luminosit\u00e9 et de fra\u00eecheur aux parfums de cette saison.<\/p>\n\n<h3 class=\"wp-block-heading\">Notes fruit\u00e9es: orange, cerise, figue<\/h3>\n\n<p>Bien que les parfums fruit\u00e9s et d&rsquo;agrumes soient souvent associ\u00e9s \u00e0 l&rsquo;\u00e9t\u00e9, le parfum de l&rsquo;orange est un incontournable en hiver, surtout lorsqu&rsquo;il est associ\u00e9 \u00e0 la cannelle. Les cerises et les figues \u00e9voquent \u00e9galement les compotes et confitures traditionnelles qui accompagnent les petits-d\u00e9jeuners en famille pendant les vacances.<\/p>\n\n<h1 class=\"wp-block-heading\">Comment choisir les parfums d&rsquo;hiver parfaits?<\/h1>\n\n<p>Trouver un bon parfum d&rsquo;hiver qui convient \u00e0 la saison tout en correspondant \u00e0 votre personnalit\u00e9 n&rsquo;est pas toujours une t\u00e2che facile. C&rsquo;est pourquoi, chez Mixer &amp; Pack, nous vous laissons quelques recommandations afin que vous puissiez trouver votre parfum d&rsquo;hiver parfait cette saison.<\/p>\n\n<p>Tout d&rsquo;abord, il est important de tenir compte de vos pr\u00e9f\u00e9rences personnelles habituelles. Vous devez les ajuster au changement de saison, mais en conservant l&rsquo;essence de ce que vous aimez habituellement. \u00cates-vous plut\u00f4t un parfum chaud ou frais ? Vous recherchez un parfum intense ou l\u00e9ger et subtil?<\/p>\n\n<p>De plus, vous devez tenir compte du type d&rsquo;\u00e9v\u00e9nements et des occasions auxquelles vous pr\u00e9voyez de porter votre parfum, tout comme nous vous recommandons d&rsquo;essayer diff\u00e9rents parfums avant d&rsquo;en choisir un.<\/p>\n\n<h2 class=\"wp-block-heading\">Parfums d&rsquo;hiver: une s\u00e9lection de nos coups de c\u0153ur en Mixer &amp; Pack<\/h2>\n\n<p>Chez Mixer &amp; Pack, nous avons s\u00e9lectionn\u00e9 quelques-uns de nos parfums d&rsquo;hiver les plus remarquables:<\/p>\n\n<h3 class=\"wp-block-heading\">TOUS: LoveMe L&rsquo;Elixir d&rsquo;\u00c9meraude<\/h3>\n\n<p>C&rsquo;est le parfum parfait pour l&rsquo;hiver en raison de son ar\u00f4me enveloppant qui \u00e9voque la chaleur et l&rsquo;intimit\u00e9 de cette saison. Avec un fond bois\u00e9, cet \u00e9lixir cr\u00e9e une exp\u00e9rience sensorielle qui rappelle les journ\u00e9es agr\u00e9ables au coin du feu, offrant un sentiment de confort et d&rsquo;\u00e9l\u00e9gance, id\u00e9al pour les f\u00eates et les r\u00e9unions de famille. De plus, son design sophistiqu\u00e9 dans un flacon vert \u00e9meraude refl\u00e8te la beaut\u00e9 de la saison, ce qui en fait un accessoire parfait pour toutes les occasions hivernales.<\/p>\n<div class=\"wp-block-image\">\n<figure class=\"aligncenter size-full is-resized\"><img loading=\"lazy\" decoding=\"async\" width=\"515\" height=\"515\" src=\"https:\/\/www.mixerpack.es\/wp-content\/uploads\/2024\/12\/515Wx515H-product-397711160-20230814120056-1.jpeg\" alt=\"LoveMe L'Elixir d'&#xC9;meraude\" class=\"wp-image-5828\" style=\"width:399px;height:auto\" srcset=\"https:\/\/www.mixerpack.es\/wp-content\/uploads\/2024\/12\/515Wx515H-product-397711160-20230814120056-1.jpeg 515w, https:\/\/www.mixerpack.es\/wp-content\/uploads\/2024\/12\/515Wx515H-product-397711160-20230814120056-1-300x300.jpeg 300w, https:\/\/www.mixerpack.es\/wp-content\/uploads\/2024\/12\/515Wx515H-product-397711160-20230814120056-1-150x150.jpeg 150w\" sizes=\"auto, (max-width: 515px) 100vw, 515px\" \/><figcaption class=\"wp-element-caption\">Source: Tous<\/figcaption><\/figure>\n<\/div>\n<h3 class=\"wp-block-heading\">Parfois: La Nuit Derni\u00e8re<\/h3>\n\n<p>Ce parfum associe des notes \u00e9pic\u00e9es de poivre et de bergamote, avec une touche bois\u00e9e de c\u00e8dre et de cassis. Le dessus est compos\u00e9 de vanille et de bois de santal, il est donc parfait pour adoucir la vie quotidienne pendant l&rsquo;hiver.<\/p>\n<div class=\"wp-block-image\">\n<figure class=\"aligncenter size-large is-resized\"><img loading=\"lazy\" decoding=\"async\" width=\"766\" height=\"1024\" src=\"https:\/\/www.mixerpack.es\/wp-content\/uploads\/2024\/12\/194167_VT_1yf-766x1024.webp\" alt=\"La Nuit Derni&#xE8;re\" class=\"wp-image-5831\" style=\"width:294px;height:auto\" srcset=\"https:\/\/www.mixerpack.es\/wp-content\/uploads\/2024\/12\/194167_VT_1yf-766x1024.webp 766w, https:\/\/www.mixerpack.es\/wp-content\/uploads\/2024\/12\/194167_VT_1yf-224x300.webp 224w, https:\/\/www.mixerpack.es\/wp-content\/uploads\/2024\/12\/194167_VT_1yf-768x1027.webp 768w, https:\/\/www.mixerpack.es\/wp-content\/uploads\/2024\/12\/194167_VT_1yf-1149x1536.webp 1149w, https:\/\/www.mixerpack.es\/wp-content\/uploads\/2024\/12\/194167_VT_1yf-1532x2048.webp 1532w, https:\/\/www.mixerpack.es\/wp-content\/uploads\/2024\/12\/194167_VT_1yf-scaled.webp 1915w\" sizes=\"auto, (max-width: 766px) 100vw, 766px\" \/><figcaption class=\"wp-element-caption\">Source: Parfois<\/figcaption><\/figure>\n<\/div>\n<h3 class=\"wp-block-heading\">L&rsquo;ateliero: Le Provocateur<\/h3>\n\n<p>\u00c0 base de cannelle et d&rsquo;\u00e9pices, ce parfum masculin apporte chaleur et confort, avec une touche suppl\u00e9mentaire de mandarine et de menthe. Les notes de cuir et d&rsquo;ambre ajoutent de la sophistication, cr\u00e9ant un parfum enveloppant et charmant.<\/p>\n<div class=\"wp-block-image\">\n<figure class=\"aligncenter size-full is-resized\"><img loading=\"lazy\" decoding=\"async\" width=\"600\" height=\"600\" src=\"https:\/\/www.mixerpack.es\/wp-content\/uploads\/2024\/12\/lateliero_parfum_Le-Provocateur.webp\" alt=\"Le Provocateur\" class=\"wp-image-5834\" style=\"width:324px;height:auto\" srcset=\"https:\/\/www.mixerpack.es\/wp-content\/uploads\/2024\/12\/lateliero_parfum_Le-Provocateur.webp 600w, https:\/\/www.mixerpack.es\/wp-content\/uploads\/2024\/12\/lateliero_parfum_Le-Provocateur-300x300.webp 300w, https:\/\/www.mixerpack.es\/wp-content\/uploads\/2024\/12\/lateliero_parfum_Le-Provocateur-150x150.webp 150w\" sizes=\"auto, (max-width: 600px) 100vw, 600px\" \/><figcaption class=\"wp-element-caption\">Source: L&rsquo;ateliero<\/figcaption><\/figure>\n<\/div>\n<h3 class=\"wp-block-heading\">Coffrets de parfums Hoss Intropia<\/h3>\n\n<p><span style=\"font-weight: 400;\">L&rsquo;hiver est la saison id\u00e9ale pour s&rsquo;envelopper de parfums chauds et sophistiqu\u00e9s, et les <\/span><b>coffrets de parfums Manuela et Gadea de Hoss Intropia <\/b><span style=\"font-weight: 400;\">sont les compagnons id\u00e9aux pour cette p\u00e9riode de l&rsquo;ann\u00e9e.<\/span><\/p>\n\n<p>Le coffret de l&rsquo;eau de parfum Manuela capture l&rsquo;essence de la f\u00e9minit\u00e9 classique avec des notes florales et orientales qui \u00e9voquent la chaleur et l&rsquo;\u00e9l\u00e9gance. Parfait pour les nuits sp\u00e9ciales ou les moments d&rsquo;introspection, son parfum devient une caresse qui enveloppe de d\u00e9licatesse. Ce coffret comprend une version mini id\u00e9ale pour emporter avec soi, pour que la magie de Manuela vous accompagne en toute occasion.<\/p>\n\n<p>D&rsquo;autre part, le coffret de l&rsquo;eau de parfum Gadea offre un ar\u00f4me frais et sophistiqu\u00e9, id\u00e9al pour ceux qui recherchent une touche de luminosit\u00e9 m\u00eame les jours les plus froids. Ses notes d&rsquo;agrumes et bois\u00e9es apportent de l&rsquo;\u00e9nergie et un style raffin\u00e9. Comme Manuela, Gadea inclut une version voyage pour profiter de sa polyvalence o\u00f9 que vous alliez.<\/p>\n\n<p>Les deux coffrets allient design et praticit\u00e9, \u00e9tant \u00e9galement le cadeau parfait pour cette saison. Laissez-vous s\u00e9duire par le charme de Hoss Intropia et rendez cet hiver inoubliable avec des parfums qui mettent en valeur votre personnalit\u00e9 unique.<\/p>\n\n<figure class=\"wp-block-gallery has-nested-images columns-default is-cropped wp-block-gallery-1 is-layout-flex wp-block-gallery-is-layout-flex\">\n<figure class=\"wp-block-image size-large\"><img loading=\"lazy\" decoding=\"async\" width=\"683\" height=\"1024\" data-id=\"5837\" src=\"https:\/\/www.mixerpack.es\/wp-content\/uploads\/2024\/12\/P_338559515FM-683x1024.png\" alt=\"\" class=\"wp-image-5837\" srcset=\"https:\/\/www.mixerpack.es\/wp-content\/uploads\/2024\/12\/P_338559515FM-683x1024.png 683w, https:\/\/www.mixerpack.es\/wp-content\/uploads\/2024\/12\/P_338559515FM-200x300.png 200w, https:\/\/www.mixerpack.es\/wp-content\/uploads\/2024\/12\/P_338559515FM-768x1152.png 768w, https:\/\/www.mixerpack.es\/wp-content\/uploads\/2024\/12\/P_338559515FM.png 800w\" sizes=\"auto, (max-width: 683px) 100vw, 683px\" \/><figcaption class=\"wp-element-caption\">Source: Hoss Intropia<\/figcaption><\/figure>\n\n\n\n<figure class=\"wp-block-image size-large\"><img loading=\"lazy\" decoding=\"async\" width=\"683\" height=\"1024\" data-id=\"5840\" src=\"https:\/\/www.mixerpack.es\/wp-content\/uploads\/2024\/12\/P_338559425FM-683x1024.png\" alt=\"\" class=\"wp-image-5840\" srcset=\"https:\/\/www.mixerpack.es\/wp-content\/uploads\/2024\/12\/P_338559425FM-683x1024.png 683w, https:\/\/www.mixerpack.es\/wp-content\/uploads\/2024\/12\/P_338559425FM-200x300.png 200w, https:\/\/www.mixerpack.es\/wp-content\/uploads\/2024\/12\/P_338559425FM-768x1152.png 768w, https:\/\/www.mixerpack.es\/wp-content\/uploads\/2024\/12\/P_338559425FM.png 800w\" sizes=\"auto, (max-width: 683px) 100vw, 683px\" \/><figcaption class=\"wp-element-caption\">Source: Hoss Intropia<\/figcaption><\/figure>\n<\/figure>\n\n<h2 class=\"wp-block-heading\">Pourquoi choisir Mixer &amp; Pack pour votre parfum d&rsquo;hiver?<\/h2>\n\n<p><span style=\"font-weight: 400;\">Chez<\/span><b> Mixer &amp; Pack, <\/b><span style=\"font-weight: 400;\">\u00a0nous savons \u00e0 quel point il est important de choisir le bon parfum pour vous et la saison. Notre \u00e9quipe de parfumeurs s&rsquo;efforce de proposer une nouvelle s\u00e9lection d&rsquo;ar\u00f4mes en ad\u00e9quation avec la p\u00e9riode de l&rsquo;ann\u00e9e chaque saison.<\/span><\/p>\n\n<p><span style=\"font-weight: 400;\">Si vous \u00eates \u00e0 la recherche d&rsquo;un parfum qui correspond \u00e0 votre personnalit\u00e9 et qui vous aide en m\u00eame temps \u00e0 cr\u00e9er des moments m\u00e9morables, vous pouvez explorer la <\/span><span style=\"font-weight: 400;\">s\u00e9lection de marques<\/span><span style=\"font-weight: 400;\"> avec lesquelles nous travaillons sur notre site Web.<\/span><\/p>\n","protected":false},"excerpt":{"rendered":"<p>L&rsquo;hiver est une saison attachante qui \u00e9veille en nous la nostalgie de la maison et de ses ar\u00f4mes uniques. Il fait de plus en plus froid, les jours raccourcissent et nos parfums sont un moyen id\u00e9al d&rsquo;accompagner l&rsquo;atmosph\u00e8re chaleureuse que cette p\u00e9riode de l&rsquo;ann\u00e9e nous apporte. Nuits au coin du feu, g\u00e2teaux et chocolat chaud, [&hellip;]<\/p>\n","protected":false},"author":2,"featured_media":5846,"comment_status":"open","ping_status":"open","sticky":false,"template":"","format":"standard","meta":{"footnotes":""},"categories":[1,42],"tags":[],"class_list":["post-5994","post","type-post","status-publish","format-standard","has-post-thumbnail","hentry","category-sin-categorizar","category-news-fr"],"_links":{"self":[{"href":"https:\/\/www.mixerpack.es\/fr\/wp-json\/wp\/v2\/posts\/5994","targetHints":{"allow":["GET"]}}],"collection":[{"href":"https:\/\/www.mixerpack.es\/fr\/wp-json\/wp\/v2\/posts"}],"about":[{"href":"https:\/\/www.mixerpack.es\/fr\/wp-json\/wp\/v2\/types\/post"}],"author":[{"embeddable":true,"href":"https:\/\/www.mixerpack.es\/fr\/wp-json\/wp\/v2\/users\/2"}],"replies":[{"embeddable":true,"href":"https:\/\/www.mixerpack.es\/fr\/wp-json\/wp\/v2\/comments?post=5994"}],"version-history":[{"count":1,"href":"https:\/\/www.mixerpack.es\/fr\/wp-json\/wp\/v2\/posts\/5994\/revisions"}],"predecessor-version":[{"id":5995,"href":"https:\/\/www.mixerpack.es\/fr\/wp-json\/wp\/v2\/posts\/5994\/revisions\/5995"}],"wp:featuredmedia":[{"embeddable":true,"href":"https:\/\/www.mixerpack.es\/fr\/wp-json\/wp\/v2\/media\/5846"}],"wp:attachment":[{"href":"https:\/\/www.mixerpack.es\/fr\/wp-json\/wp\/v2\/media?parent=5994"}],"wp:term":[{"taxonomy":"category","embeddable":true,"href":"https:\/\/www.mixerpack.es\/fr\/wp-json\/wp\/v2\/categories?post=5994"},{"taxonomy":"post_tag","embeddable":true,"href":"https:\/\/www.mixerpack.es\/fr\/wp-json\/wp\/v2\/tags?post=5994"}],"curies":[{"name":"wp","href":"https:\/\/api.w.org\/{rel}","templated":true}]}}