{"id":6014,"date":"2025-02-25T15:53:53","date_gmt":"2025-02-25T15:53:53","guid":{"rendered":"https:\/\/www.mixerpack.es\/mixer-pack-welcomes-the-equality-counselor-of-the-jccm\/"},"modified":"2025-02-27T17:37:24","modified_gmt":"2025-02-27T17:37:24","slug":"mixer-pack-welcomes-the-equality-counselor-of-the-jccm","status":"publish","type":"post","link":"https:\/\/www.mixerpack.es\/en\/mixer-pack-welcomes-the-equality-counselor-of-the-jccm\/","title":{"rendered":"MIXER &#038; PACK WELCOMES THE EQUALITY  COUNSELOR OF THE JCCM"},"content":{"rendered":"\n<p class=\"has-text-align-center\">Sara Sim\u00f3n Alcorlo, Equality Counselor of the JCCM, accompanied by representatives from the Cabanillas del Campo City Council and the  JCCM delegation in Guadalajara, visited the private-label perfumery  &#13;\nand fragrance manufacturer to learn about its progress in equality,  integration, and diversity.<\/p>\n\n<p><b><i>24th Februray 2025 (Cabanillas del Campo, Guadalajara)<\/i><\/b><\/p>\n\n<p><b>Key representatives in Equality, Integration, and Diversity from the JCCM, along\u00a0 with provincial and local authorities, have gained first-hand insight into Mixer &amp;\u00a0 Pack&#8217;s Equality Plan. During the meeting, the company&#8217;s People team and its\u00a0 Equality Committee presented the actions implemented in these areas.<\/b><\/p>\n\n<p>The event began with a presentation in which Mixer &amp; Pack shared information  about its growth, international expansion, and commitment to excellence in  production. During the presentation, the company detailed its inclusion policies,  actions supporting women&#8217;s professional development in the sector, and  environmental initiatives aligned with social well-being and the region\u2019s  sustainable development.<\/p>\n\n<p>In this context, the company welcomed Sara Sim\u00f3n Alcorlo, Equality Counselor  of Castilla-La Mancha, who was accompanied by Laura Gil Pascual, Delegate  for Equality in Guadalajara, as well as representatives from the Cabanillas del  Campo City Council: Luis Blanco \u00c1lvarez, First Deputy Mayor; Abigail Cordero  Gavi\u00f1o, Councilor for Equality and Employment; and Javier In\u00e9s Serrano,  Councilor for Security, Traffic, and Transport.<\/p>\n\n<p>During the meeting, Mixer &amp; Pack showcased its strong commitment to gender  equality, social integration, and corporate responsibility. The company  emphasized its identity as a women-driven organization, with 75% of its  workforce composed of female employees, establishing itself as a benchmark  in the industry for equity and women&#8217;s professional development.<\/p>\n\n<p>Additionally, the company, together with its Equality Committee, shared the  successful implementation of its second Equality Plan in a smooth, dynamic,  and constructive manner, further reinforcing its commitment to creating a more  inclusive and equitable work environment. This achievement positions Mixer &amp; Pack as a leading example of social dialogue, demonstrating the importance  of collaboration between businesses and institutions in promoting equality.<\/p>\n\n<p>In the field of integration, the company emphasized its partnerships with various  social organizations to facilitate the employment of groups at risk of exclusion.  Through its collaboration with the Fundaci\u00f3n CEOE, Mixer &amp; Pack has actively  promoted the hiring of individuals at risk of poverty due to not meeting the  minimum income threshold. In partnership with Ilunion, the company has  supported the professional inclusion of approximately 200 individuals with  intellectual, physical, and\/or sensory disabilities. Additionally, in cooperation with the Fundaci\u00f3n Cruz Roja, Mixer &amp; Pack has worked to enhance the  employment opportunities for people facing social exclusion due to factors  such as religion, sexual orientation, or race. Lastly, its collaboration with  Madintegra has contributed to fostering the employability of individuals with  intellectual, physical, and\/or sensory disabilities, further solidifying the  company\u2019s commitment to diversity and equal opportunities.<\/p>\n\n<p>The visit concluded with a tour of the company\u2019s facilities, where the Counselor  and her team had the opportunity to closely observe the production processes  and technologies that have made Mixer &amp; Pack a benchmark in the industry.  During the visit, the actions taken in sustainability and social responsibility were  highlighted, aspects that are aligned with the strategic objectives promoted by  the Regional Government.<\/p>\n<div class=\"wp-block-image\">\n<figure class=\"aligncenter size-large\"><img loading=\"lazy\" decoding=\"async\" width=\"1024\" height=\"683\" src=\"https:\/\/www.mixerpack.es\/wp-content\/uploads\/2025\/02\/Visita-Consejeria-1-1-1024x683.jpg\" alt=\"\" class=\"wp-image-5974\" srcset=\"https:\/\/www.mixerpack.es\/wp-content\/uploads\/2025\/02\/Visita-Consejeria-1-1-1024x683.jpg 1024w, https:\/\/www.mixerpack.es\/wp-content\/uploads\/2025\/02\/Visita-Consejeria-1-1-300x200.jpg 300w, https:\/\/www.mixerpack.es\/wp-content\/uploads\/2025\/02\/Visita-Consejeria-1-1-768x512.jpg 768w, https:\/\/www.mixerpack.es\/wp-content\/uploads\/2025\/02\/Visita-Consejeria-1-1-1536x1024.jpg 1536w, https:\/\/www.mixerpack.es\/wp-content\/uploads\/2025\/02\/Visita-Consejeria-1-1-2048x1365.jpg 2048w\" sizes=\"auto, (max-width: 1024px) 100vw, 1024px\" \/><figcaption class=\"wp-element-caption\"><span style=\"font-weight: 400;\">In the image, from left to right: <\/span><b>Abigail Cordero<\/b><span style=\"font-weight: 400;\">, Councilor for Employment of Cabanillas\u00a0 del Campo; <\/span><b>Luis Blanco<\/b><span style=\"font-weight: 400;\">, Councilor for Social Services and Equality of Cabanillas del\u00a0 Campo; <\/span><b>Agust\u00edn G\u00f3mez<\/b><span style=\"font-weight: 400;\">, President of Mixer &amp; Pack; <\/span><b>Carolina G\u00f3mez<\/b><span style=\"font-weight: 400;\">, Counselor of Mixer\u00a0 &amp; Pack; <\/span><b>Sara Sim\u00f3n<\/b><span style=\"font-weight: 400;\">, Counselor of Equality of JCCM; <\/span><b>Javier Aguilera<\/b><span style=\"font-weight: 400;\">, General Director of\u00a0 Mixer &amp; Pack; <\/span><b>Laura Gil<\/b><span style=\"font-weight: 400;\">, Delegate for Equality in Guadalajara; and <\/span><b>Javier In\u00e9s<\/b><span style=\"font-weight: 400;\">,\u00a0 Councilor for Security, Traffic, and Transport of Cabanillas del Campo.<\/span><\/figcaption><\/figure>\n<\/div>\n<p><\/p>\n","protected":false},"excerpt":{"rendered":"<p>Sara Sim\u00f3n Alcorlo, Equality Counselor of the JCCM, accompanied by representatives from the Cabanillas del Campo City Council and the JCCM delegation in Guadalajara, visited the private-label perfumery &#13; and fragrance manufacturer to learn about its progress in equality, integration, and diversity. 24th Februray 2025 (Cabanillas del Campo, Guadalajara) Key representatives in Equality, Integration, and [&hellip;]<\/p>\n","protected":false},"author":2,"featured_media":5978,"comment_status":"open","ping_status":"open","sticky":false,"template":"","format":"standard","meta":{"footnotes":""},"categories":[26,32,10],"tags":[],"class_list":["post-6014","post","type-post","status-publish","format-standard","has-post-thumbnail","hentry","category-press-room-en","category-rsc-en","category-uncategorized"],"_links":{"self":[{"href":"https:\/\/www.mixerpack.es\/en\/wp-json\/wp\/v2\/posts\/6014","targetHints":{"allow":["GET"]}}],"collection":[{"href":"https:\/\/www.mixerpack.es\/en\/wp-json\/wp\/v2\/posts"}],"about":[{"href":"https:\/\/www.mixerpack.es\/en\/wp-json\/wp\/v2\/types\/post"}],"author":[{"embeddable":true,"href":"https:\/\/www.mixerpack.es\/en\/wp-json\/wp\/v2\/users\/2"}],"replies":[{"embeddable":true,"href":"https:\/\/www.mixerpack.es\/en\/wp-json\/wp\/v2\/comments?post=6014"}],"version-history":[{"count":1,"href":"https:\/\/www.mixerpack.es\/en\/wp-json\/wp\/v2\/posts\/6014\/revisions"}],"predecessor-version":[{"id":6015,"href":"https:\/\/www.mixerpack.es\/en\/wp-json\/wp\/v2\/posts\/6014\/revisions\/6015"}],"wp:featuredmedia":[{"embeddable":true,"href":"https:\/\/www.mixerpack.es\/en\/wp-json\/wp\/v2\/media\/5978"}],"wp:attachment":[{"href":"https:\/\/www.mixerpack.es\/en\/wp-json\/wp\/v2\/media?parent=6014"}],"wp:term":[{"taxonomy":"category","embeddable":true,"href":"https:\/\/www.mixerpack.es\/en\/wp-json\/wp\/v2\/categories?post=6014"},{"taxonomy":"post_tag","embeddable":true,"href":"https:\/\/www.mixerpack.es\/en\/wp-json\/wp\/v2\/tags?post=6014"}],"curies":[{"name":"wp","href":"https:\/\/api.w.org\/{rel}","templated":true}]}}