{"id":4277,"date":"2024-04-16T08:55:24","date_gmt":"2024-04-16T08:55:24","guid":{"rendered":"https:\/\/www.mixerpack.es\/the-vicepresidents-of-castilla-la-mancha-visits-mixer-pack-on-its-30-anniversary\/"},"modified":"2024-04-19T06:54:05","modified_gmt":"2024-04-19T06:54:05","slug":"vicepresidents-castilla-mancha-visits","status":"publish","type":"post","link":"https:\/\/www.mixerpack.es\/en\/vicepresidents-castilla-mancha-visits\/","title":{"rendered":"THE VICEPRESIDENT OF CASTILLA-LA MANCHA VISITS MIXER &amp; PACK ON ITS 30 ANNIVERSARY"},"content":{"rendered":"\n<p><em>The Vicepresident of Castilla-La Mancha Regional Government, Jose Luis Mart\u00ednez Guijarro, together with the Regional Government Delegate in Guadalajara, Jose Luis Escudero, the Provincial Delegate of the Regional Ministry of Economy, Susana Blas, the General Director for Monitoring the Recovery Plan, Julio Garc\u00eda Moreno, the Commissioner for the Demographic Challenge, Jes\u00fas Alique L\u00f3pez, and Lieutenant Mayor of Cabanillas del Campo, Luis Blanco visited the facilities of the perfumery developer for private label, on the same date as world art day, to know their new 4.0 factory and the ambitious projects where the 4 main pillars of the organization are based: innovation, sustainability, people and services.<\/em><\/p>\n\n<p><em><strong>16th April 2024 (Cabanillas del Campo, Guadalajara)<\/strong><\/em><\/p>\n\n<p><strong>Coinciding with its thirtieth anniversary, Jos\u00e9 Luis Mart\u00ednez Guijarro, <\/strong><strong>Vicepresident of Castilla la Mancha Regional Government, accompanied<\/strong>&#13;\n<strong>by Jose Luis Escudero, Regional Government Delegate in Guadalajara, <\/strong><strong>and Susana Blas, Provincial Delegate of the Regional Ministry of Economy, Julio Garc\u00eda Moreno, General Director for Monitoring the Recovery Plan, Jes\u00fas Alique L\u00f3pez, Commissioner for the Demographic Challenge, Luis Blanco, Lieutenant Mayor of Cabanillas del Campo, and big part of their teams have visited the facilities of the designer, developer and manufacturer of perfumery for third parties, and have learned first-hand the innovative projects of the perfumery manufactures leader in the sector and the perfumes manufacturing art.<\/strong><\/p>\n\n<p>The visit began with a presentation by part of the Mixer &amp; Pack directors team, in&#13;\nwhich the growth in both turnover and employment was discussed in depth, as&#13;\nwell as the ambitious objectives that the perfumery manufacturer has planned&#13;\nfor the future, based in the increase on investments and actions focused on the&#13;\nempowerment of its 4 pillars: sustainability, people, services and innovation.<\/p>\n\n<p>On the other hand, the Vicepresident wanted to congratulate the 30th anniversary of the perfumery manufacturer for private label, highlighting the importance of Mixer &amp; Pack in the social and economic development of Castilla-La Mancha, thanking its commitment to employment generation as a leader in the sector.<\/p>\n\n<p>The president of Mixer &amp; Pack, Agust\u00edn G\u00f3mez Loeches, and the General&#13;\nDirector, Juan F. Mediavilla, wanted to thank the Vicepresident of Castilla la Mancha Regional Government, and all his team members the interest they showed visiting the facilities of Mixer &amp; Pack, underlining the importance of the Spain Brand as well as the Castilla-La Mancha Brand in the beauty sector, highlighting the more than 50 million units that leave their factory, more than 1.300 different references, for hundreds of different brand in more than 130 countries over the world.<\/p>\n<div class=\"wp-block-image\">\n<figure class=\"aligncenter size-large is-resized\"><img loading=\"lazy\" decoding=\"async\" width=\"1024\" height=\"682\" src=\"https:\/\/www.mixerpack.es\/wp-content\/uploads\/2024\/04\/MicrosoftTeams-image-7-1024x682.jpg\" alt=\"\" class=\"wp-image-4279\" style=\"width:712px;height:auto\" srcset=\"https:\/\/www.mixerpack.es\/wp-content\/uploads\/2024\/04\/MicrosoftTeams-image-7-1024x682.jpg 1024w, https:\/\/www.mixerpack.es\/wp-content\/uploads\/2024\/04\/MicrosoftTeams-image-7-300x200.jpg 300w, https:\/\/www.mixerpack.es\/wp-content\/uploads\/2024\/04\/MicrosoftTeams-image-7-768x512.jpg 768w, https:\/\/www.mixerpack.es\/wp-content\/uploads\/2024\/04\/MicrosoftTeams-image-7-1536x1023.jpg 1536w, https:\/\/www.mixerpack.es\/wp-content\/uploads\/2024\/04\/MicrosoftTeams-image-7.jpg 1600w\" sizes=\"auto, (max-width: 1024px) 100vw, 1024px\" \/><figcaption class=\"wp-element-caption\">First Vice President at Mixer &amp; Pack&#8217;s premises.<\/figcaption><\/figure>\n<\/div>","protected":false},"excerpt":{"rendered":"<p>The Vicepresident of Castilla-La Mancha Regional Government, Jose Luis Mart\u00ednez Guijarro, together with the Regional Government Delegate in Guadalajara, Jose Luis Escudero, the Provincial Delegate of the Regional Ministry of Economy, Susana Blas, the General Director for Monitoring the Recovery Plan, Julio Garc\u00eda Moreno, the Commissioner for the Demographic Challenge, Jes\u00fas Alique L\u00f3pez, and Lieutenant [&hellip;]<\/p>\n","protected":false},"author":2,"featured_media":4280,"comment_status":"open","ping_status":"open","sticky":false,"template":"","format":"standard","meta":{"footnotes":""},"categories":[26],"tags":[],"class_list":["post-4277","post","type-post","status-publish","format-standard","has-post-thumbnail","hentry","category-press-room-en"],"_links":{"self":[{"href":"https:\/\/www.mixerpack.es\/en\/wp-json\/wp\/v2\/posts\/4277","targetHints":{"allow":["GET"]}}],"collection":[{"href":"https:\/\/www.mixerpack.es\/en\/wp-json\/wp\/v2\/posts"}],"about":[{"href":"https:\/\/www.mixerpack.es\/en\/wp-json\/wp\/v2\/types\/post"}],"author":[{"embeddable":true,"href":"https:\/\/www.mixerpack.es\/en\/wp-json\/wp\/v2\/users\/2"}],"replies":[{"embeddable":true,"href":"https:\/\/www.mixerpack.es\/en\/wp-json\/wp\/v2\/comments?post=4277"}],"version-history":[{"count":3,"href":"https:\/\/www.mixerpack.es\/en\/wp-json\/wp\/v2\/posts\/4277\/revisions"}],"predecessor-version":[{"id":4289,"href":"https:\/\/www.mixerpack.es\/en\/wp-json\/wp\/v2\/posts\/4277\/revisions\/4289"}],"wp:featuredmedia":[{"embeddable":true,"href":"https:\/\/www.mixerpack.es\/en\/wp-json\/wp\/v2\/media\/4280"}],"wp:attachment":[{"href":"https:\/\/www.mixerpack.es\/en\/wp-json\/wp\/v2\/media?parent=4277"}],"wp:term":[{"taxonomy":"category","embeddable":true,"href":"https:\/\/www.mixerpack.es\/en\/wp-json\/wp\/v2\/categories?post=4277"},{"taxonomy":"post_tag","embeddable":true,"href":"https:\/\/www.mixerpack.es\/en\/wp-json\/wp\/v2\/tags?post=4277"}],"curies":[{"name":"wp","href":"https:\/\/api.w.org\/{rel}","templated":true}]}}